{"id":497895,"date":"2025-10-29T15:06:15","date_gmt":"2025-10-29T15:06:15","guid":{"rendered":"https:\/\/www.europesays.com\/fr\/497895\/"},"modified":"2025-10-29T15:06:15","modified_gmt":"2025-10-29T15:06:15","slug":"rouen-plongez-dans-lunivers-de-la-serie-la-chronique-des-bridgerton-le-temps-dune-soiree-au-cafe-sculpture","status":"publish","type":"post","link":"https:\/\/www.europesays.com\/fr\/497895\/","title":{"rendered":"Rouen. Plongez dans l&rsquo;univers de la s\u00e9rie La Chronique des Bridgerton le temps d&rsquo;une soir\u00e9e au Caf\u00e9 sculpture"},"content":{"rendered":"<p melodystyle=\"texte\">Avis aux fans de La Chronique des Bridgerton\u00a0! Une soir\u00e9e 100% d\u00e9di\u00e9e \u00e0 cette s\u00e9rie\u00a0est pr\u00e9vue vendredi 28\u00a0novembre au <a href=\"https:\/\/www.tendanceouest.com\/actualite-431826-bonne-table-a-rouen-un-dejeuner-colore-au-musee-des-beaux-arts\" target=\"_blank\" rel=\"nofollow noopener\">Caf\u00e9 sculpture<\/a> situ\u00e9 au c\u0153ur du mus\u00e9e des Beaux-Arts de Rouen. Elle se d\u00e9roulera de 19h30 \u00e0 23h et il faudra d\u00e9bourser 89\u20ac la place qui comprendra le buffet d\u00eenatoire, les boissons, le spectacle, etc.<\/p>\n<p melodystyle=\"texte\"><b>\u2022 A lire aussi.\u00a0<\/b><a href=\"https:\/\/www.tendanceouest.com\/actualite-430873-seine-maritime-le-nouveau-cafe-sculpture-du-musee-des-beaux-arts-de-rouen-n-attire-pas-que-les-touristes\" target=\"_blank\" rel=\"nofollow noopener\">Seine-Maritime. Le nouveau Caf\u00e9 sculpture du mus\u00e9e des Beaux-Arts de Rouen n&rsquo;attire pas que les touristes<\/a><\/p>\n<p>Un \u00e9v\u00e9nement pour lancer la carte automne hiver<\/p>\n<p melodystyle=\"texte\">A travers cet \u00e9v\u00e9nement intitul\u00e9\u00a0Le bal de la r\u00e9gence, Amira Brahimi, g\u00e9rante de Caf\u00e9 Cr\u00e8me, Fuzao et Habibi \u00e0 Rouen, souhaite aussi\u00a0\u00ab\u00a0lancer notre carte automne\/hiver au Caf\u00e9 sculpture\u00a0\u00bb.\u00a0Les futures p\u00e2tisseries feront aussi \u00e9cho \u00e0 celles de La Chronique des Bridgerton mais \u00ab\u00a0l&rsquo;univers culinaire sera plut\u00f4t li\u00e9 autour de tableaux\u00a0\u00bb comme la pr\u00e9c\u00e9dente carte qui faisaient r\u00e9f\u00e9rence aux Impressionnistes.<\/p>\n<p class=\"article_photo\" data-num=\"2\"><img decoding=\"async\" alt=\"Lors de la soir\u00e9e inspir\u00e9e de La Chronique des Bridgerton, les participants sont invit\u00e9s \u00e0 venir habill\u00e9s comme les personnages de la s\u00e9rie.\" src=\"https:\/\/www.europesays.com\/fr\/wp-content\/uploads\/2025\/10\/9876-tab.jpg\"\/>Lors de la soir\u00e9e inspir\u00e9e de La Chronique des Bridgerton, les participants sont invit\u00e9s \u00e0 venir habill\u00e9s comme les personnages de la s\u00e9rie. &#8211; Justine Carr\u00e8re<\/p>\n<p>De la musique et un d\u00e9cor floral<\/p>\n<p melodystyle=\"texte\">Durant cette soir\u00e9e, les participants seront plong\u00e9s dans un d\u00e9cor floral. Ils profiteront d&rsquo;un buffet d\u00eenatoire, de la pr\u00e9sence de musiciens du spectacle Candlelight et m\u00eame d&rsquo;une harpiste. Selon Amira Brahimi, \u00ab\u00a0l&rsquo;id\u00e9e c&rsquo;est aussi de venir habill\u00e9 comme dans la s\u00e9rie et de jouer le jeu\u00a0\u00bb\u00a0donc comme\u00a0au XIXe\u00a0si\u00e8cle. Elle\u00a0souhaite\u00a0\u00ab\u00a0replonger les gens dans cet univers d&rsquo;\u00e9poque\u00a0\u00bb.\u00a0Il y aura un jeu de lumi\u00e8re, de la valse et autres danses d&rsquo;\u00e9poque.<\/p>\n<p>D&rsquo;autres \u00e9v\u00e9nements \u00e0 venir\u00a0?<\/p>\n<p melodystyle=\"texte\">Cette volont\u00e9 de cr\u00e9er une soir\u00e9e en r\u00e9f\u00e9rence \u00e0 cette s\u00e9rie ne date pas d&rsquo;hier. \u00ab\u00a0On y pense depuis longtemps avec mon conjoint. On y avait d\u00e9j\u00e0 pens\u00e9 avant que je remporte l&rsquo;appel \u00e0 projet du Caf\u00e9 sculpture\u00a0\u00bb, raconte Amira Brahimi.\u00a0\u00ab\u00a0Si cet \u00e9v\u00e9nement pla\u00eet, \u00e0 chaque saison et changement de carte, on r\u00e9fl\u00e9chit \u00e0 proposer un bal printemps\/\u00e9t\u00e9 et automne\/hiver pour l&rsquo;ann\u00e9e prochaine\u00a0\u00bb, ajoute-t-elle.<\/p>\n<p melodystyle=\"texte\">Attention, les places sont limit\u00e9es. Il faut r\u00e9server sur le <a href=\"https:\/\/my.weezevent.com\/le-bal-de-la-regence-par-le-cafe-sculpture\" target=\"_blank\" rel=\"nofollow noopener\">site de l&rsquo;\u00e9v\u00e9nement<\/a>. Le lieu peut accueillir 250 personnes et un peu plus d&rsquo;une centaine de places sont d\u00e9j\u00e0 prises.<\/p>\n<p style=\"font-weight:bold;color:#000;\">Pratique. Mus\u00e9e des Beaux-arts, Esplanade Marcel Duchamp, Rouen.\u00a0<\/p>\n","protected":false},"excerpt":{"rendered":"Avis aux fans de La Chronique des Bridgerton\u00a0! Une soir\u00e9e 100% d\u00e9di\u00e9e \u00e0 cette s\u00e9rie\u00a0est pr\u00e9vue vendredi 28\u00a0novembre&hellip;\n","protected":false},"author":2,"featured_media":497896,"comment_status":"","ping_status":"","sticky":false,"template":"","format":"standard","meta":{"footnotes":""},"categories":[9587],"tags":[1111,11,1777,674,1011,27,12,5161,25,9590],"class_list":{"0":"post-497895","1":"post","2":"type-post","3":"status-publish","4":"format-standard","5":"has-post-thumbnail","7":"category-rouen","8":"tag-actu","9":"tag-actualites","10":"tag-eu","11":"tag-europe","12":"tag-fr","13":"tag-france","14":"tag-news","15":"tag-normandie","16":"tag-republique-francaise","17":"tag-rouen"},"share_on_mastodon":{"url":"https:\/\/pubeurope.com\/@fr\/115458080235222501","error":""},"_links":{"self":[{"href":"https:\/\/www.europesays.com\/fr\/wp-json\/wp\/v2\/posts\/497895","targetHints":{"allow":["GET"]}}],"collection":[{"href":"https:\/\/www.europesays.com\/fr\/wp-json\/wp\/v2\/posts"}],"about":[{"href":"https:\/\/www.europesays.com\/fr\/wp-json\/wp\/v2\/types\/post"}],"author":[{"embeddable":true,"href":"https:\/\/www.europesays.com\/fr\/wp-json\/wp\/v2\/users\/2"}],"replies":[{"embeddable":true,"href":"https:\/\/www.europesays.com\/fr\/wp-json\/wp\/v2\/comments?post=497895"}],"version-history":[{"count":0,"href":"https:\/\/www.europesays.com\/fr\/wp-json\/wp\/v2\/posts\/497895\/revisions"}],"wp:featuredmedia":[{"embeddable":true,"href":"https:\/\/www.europesays.com\/fr\/wp-json\/wp\/v2\/media\/497896"}],"wp:attachment":[{"href":"https:\/\/www.europesays.com\/fr\/wp-json\/wp\/v2\/media?parent=497895"}],"wp:term":[{"taxonomy":"category","embeddable":true,"href":"https:\/\/www.europesays.com\/fr\/wp-json\/wp\/v2\/categories?post=497895"},{"taxonomy":"post_tag","embeddable":true,"href":"https:\/\/www.europesays.com\/fr\/wp-json\/wp\/v2\/tags?post=497895"}],"curies":[{"name":"wp","href":"https:\/\/api.w.org\/{rel}","templated":true}]}}