{"id":497905,"date":"2025-10-29T15:13:12","date_gmt":"2025-10-29T15:13:12","guid":{"rendered":"https:\/\/www.europesays.com\/fr\/497905\/"},"modified":"2025-10-29T15:13:12","modified_gmt":"2025-10-29T15:13:12","slug":"on-fait-quoi-ce-week-end-halloween-jardin-des-createurs-indie-game-contest-nos-idees-de-sorties-a-strasbourg","status":"publish","type":"post","link":"https:\/\/www.europesays.com\/fr\/497905\/","title":{"rendered":"On fait quoi ce week-end. Halloween, Jardin des cr\u00e9ateurs, Indie Game Contest&#8230; nos id\u00e9es de sorties \u00e0 Strasbourg"},"content":{"rendered":"<p class=\"insetTitle\">Trois \u00e9v\u00e9nements pour c\u00e9l\u00e9brer Halloween \u00e0 n\u2019importe quel \u00e2ge<\/p>\n<p><strong>Ce vendredi 31\u00a0octobre, une ribambelle d\u2019\u00e9v\u00e9nements sont propos\u00e9s \u00e0 Strasbourg pour f\u00eater Halloween. En voici trois s\u00e9lectionn\u00e9s par nos soins\u00a0:<\/strong><\/p>\n<p>Pour les familles, le cin\u00e9ma Star propose une projection du film La Sorci\u00e8re dans les airs (d\u00e8s 3 ans) accompagn\u00e9e d\u2019animations et de distribution de bonbons \u00e0 15\u00a0h\u00a045, puis la diffusion \u00e0 19\u00a0h\u00a030 de Monstres &amp; Compagnie\u2026 en pyjama\u00a0! (D\u00e8s 6 ans)<\/p>\n<p>Les f\u00eatards pourront se rendre au <a href=\"https:\/\/www.dna.fr\/culture-loisirs\/2025\/08\/22\/phare-citadelle-un-week-end-au-rythme-du-festival-fluctuations\" target=\"_blank\" rel=\"noopener\">Phare Citadelle<\/a> pour la derni\u00e8re f\u00eate de la saison\u2026 qui s\u2019annonce \u00ab\u00a0remplie d\u2019espi\u00e8gleries et de magie\u00a0\u00bb avec des jeux dr\u00f4les, du tarot et de la musique.<\/p>\n<p>Enfin, les aficionados des d\u00e9guisements pourront tenter leur chance au concours organis\u00e9 pendant l\u2019Halloween party des Tantines, \u00e0 la Mondaine. La soir\u00e9e sera rythm\u00e9e par des drag shows, des Dj sets et des lots \u00e0 gagner pour les costumes les plus r\u00e9ussis.<\/p>\n<p class=\"note\">R\u00e9servations sur\u00a0www.cinema-star.com, www.helloasso.com et\u00a0phare-citadelle.eu<\/p>\n","protected":false},"excerpt":{"rendered":"Trois \u00e9v\u00e9nements pour c\u00e9l\u00e9brer Halloween \u00e0 n\u2019importe quel \u00e2ge Ce vendredi 31\u00a0octobre, une ribambelle d\u2019\u00e9v\u00e9nements sont propos\u00e9s \u00e0&hellip;\n","protected":false},"author":2,"featured_media":497906,"comment_status":"","ping_status":"","sticky":false,"template":"","format":"standard","meta":{"footnotes":""},"categories":[2820],"tags":[1111,11,5738,11679,1687,2880,1777,674,2271,3326,107,1011,27,775,2089,12,25,640,2879,3365],"class_list":{"0":"post-497905","1":"post","2":"type-post","3":"status-publish","4":"format-standard","5":"has-post-thumbnail","7":"category-strasbourg","8":"tag-actu","9":"tag-actualites","10":"tag-bourses","11":"tag-brocantes","12":"tag-culture-loisirs","13":"tag-edition-strasbourg","14":"tag-eu","15":"tag-europe","16":"tag-exposition-arts-plastiques","17":"tag-fete-locale","18":"tag-fil-info","19":"tag-fr","20":"tag-france","21":"tag-grand-est","22":"tag-marche","23":"tag-news","24":"tag-republique-francaise","25":"tag-strasbourg","26":"tag-strasbourg-ville","27":"tag-vide-greniers"},"share_on_mastodon":{"url":"https:\/\/pubeurope.com\/@fr\/115458107171370609","error":""},"_links":{"self":[{"href":"https:\/\/www.europesays.com\/fr\/wp-json\/wp\/v2\/posts\/497905","targetHints":{"allow":["GET"]}}],"collection":[{"href":"https:\/\/www.europesays.com\/fr\/wp-json\/wp\/v2\/posts"}],"about":[{"href":"https:\/\/www.europesays.com\/fr\/wp-json\/wp\/v2\/types\/post"}],"author":[{"embeddable":true,"href":"https:\/\/www.europesays.com\/fr\/wp-json\/wp\/v2\/users\/2"}],"replies":[{"embeddable":true,"href":"https:\/\/www.europesays.com\/fr\/wp-json\/wp\/v2\/comments?post=497905"}],"version-history":[{"count":0,"href":"https:\/\/www.europesays.com\/fr\/wp-json\/wp\/v2\/posts\/497905\/revisions"}],"wp:featuredmedia":[{"embeddable":true,"href":"https:\/\/www.europesays.com\/fr\/wp-json\/wp\/v2\/media\/497906"}],"wp:attachment":[{"href":"https:\/\/www.europesays.com\/fr\/wp-json\/wp\/v2\/media?parent=497905"}],"wp:term":[{"taxonomy":"category","embeddable":true,"href":"https:\/\/www.europesays.com\/fr\/wp-json\/wp\/v2\/categories?post=497905"},{"taxonomy":"post_tag","embeddable":true,"href":"https:\/\/www.europesays.com\/fr\/wp-json\/wp\/v2\/tags?post=497905"}],"curies":[{"name":"wp","href":"https:\/\/api.w.org\/{rel}","templated":true}]}}