{"id":497913,"date":"2025-10-29T15:17:15","date_gmt":"2025-10-29T15:17:15","guid":{"rendered":"https:\/\/www.europesays.com\/fr\/497913\/"},"modified":"2025-10-29T15:17:15","modified_gmt":"2025-10-29T15:17:15","slug":"entre-mouvement-et-matieres-precieuses-cette-artiste-participe-au-salon-dart-pres-de-nantes","status":"publish","type":"post","link":"https:\/\/www.europesays.com\/fr\/497913\/","title":{"rendered":"Entre mouvement et mati\u00e8res pr\u00e9cieuses, cette artiste participe au Salon d\u2019art pr\u00e8s de Nantes"},"content":{"rendered":"<p>Artiste aux multiples talents, Marie-Dominique Dehais expose ses toiles abstraites o\u00f9 se m\u00ealent mouvement, lumi\u00e8re et mati\u00e8res pr\u00e9cieuses, reflet d\u2019un parcours riche et passionn\u00e9. Rencontre avec une cr\u00e9atrice inspir\u00e9e.<\/p>\n<p>Quel est votre parcours\u00a0?<\/p>\n<p><strong>Marie-Dominique Dehais\u00a0: <\/strong>\u00ab\u00a0J\u2019ai tout appris du vitrail avec mon p\u00e8re, ma\u00eetre verrier, et suis devenue cr\u00e9atrice et restauratrice de vitraux. J\u2019avais aussi &#8230;<\/p>\n<p>\u00a0<\/p>\n","protected":false},"excerpt":{"rendered":"Artiste aux multiples talents, Marie-Dominique Dehais expose ses toiles abstraites o\u00f9 se m\u00ealent mouvement, lumi\u00e8re et mati\u00e8res pr\u00e9cieuses,&hellip;\n","protected":false},"author":2,"featured_media":497914,"comment_status":"","ping_status":"","sticky":false,"template":"","format":"standard","meta":{"footnotes":""},"categories":[2818],"tags":[1111,11,3734,2593,1777,674,1011,27,62049,15777,766,12,3745,2636,62050,3762,25,6290],"class_list":{"0":"post-497913","1":"post","2":"type-post","3":"status-publish","4":"format-standard","5":"has-post-thumbnail","7":"category-nantes","8":"tag-actu","9":"tag-actualites","10":"tag-art","11":"tag-artiste","12":"tag-eu","13":"tag-europe","14":"tag-fr","15":"tag-france","16":"tag-matieres","17":"tag-mouvement","18":"tag-nantes","19":"tag-news","20":"tag-participe","21":"tag-pays-de-la-loire","22":"tag-precieuses","23":"tag-pres","24":"tag-republique-francaise","25":"tag-salon"},"share_on_mastodon":{"url":"https:\/\/pubeurope.com\/@fr\/115458123028476520","error":""},"_links":{"self":[{"href":"https:\/\/www.europesays.com\/fr\/wp-json\/wp\/v2\/posts\/497913","targetHints":{"allow":["GET"]}}],"collection":[{"href":"https:\/\/www.europesays.com\/fr\/wp-json\/wp\/v2\/posts"}],"about":[{"href":"https:\/\/www.europesays.com\/fr\/wp-json\/wp\/v2\/types\/post"}],"author":[{"embeddable":true,"href":"https:\/\/www.europesays.com\/fr\/wp-json\/wp\/v2\/users\/2"}],"replies":[{"embeddable":true,"href":"https:\/\/www.europesays.com\/fr\/wp-json\/wp\/v2\/comments?post=497913"}],"version-history":[{"count":0,"href":"https:\/\/www.europesays.com\/fr\/wp-json\/wp\/v2\/posts\/497913\/revisions"}],"wp:featuredmedia":[{"embeddable":true,"href":"https:\/\/www.europesays.com\/fr\/wp-json\/wp\/v2\/media\/497914"}],"wp:attachment":[{"href":"https:\/\/www.europesays.com\/fr\/wp-json\/wp\/v2\/media?parent=497913"}],"wp:term":[{"taxonomy":"category","embeddable":true,"href":"https:\/\/www.europesays.com\/fr\/wp-json\/wp\/v2\/categories?post=497913"},{"taxonomy":"post_tag","embeddable":true,"href":"https:\/\/www.europesays.com\/fr\/wp-json\/wp\/v2\/tags?post=497913"}],"curies":[{"name":"wp","href":"https:\/\/api.w.org\/{rel}","templated":true}]}}