{"id":497926,"date":"2025-10-29T15:24:23","date_gmt":"2025-10-29T15:24:23","guid":{"rendered":"https:\/\/www.europesays.com\/fr\/497926\/"},"modified":"2025-10-29T15:24:23","modified_gmt":"2025-10-29T15:24:23","slug":"la-jeune-femme-retrouvee-dans-le-canal-de-la-deule-est-morte-par-noyade-selon-lautopsie","status":"publish","type":"post","link":"https:\/\/www.europesays.com\/fr\/497926\/","title":{"rendered":"la jeune femme retrouv\u00e9e dans le canal de la De\u00fble est morte par noyade, selon l\u2019autopsie"},"content":{"rendered":"<p>La jeune femme retrouv\u00e9e vendredi 24\u00a0octobre 2025 <a target=\"_self\" href=\"https:\/\/www.lanouvellerepublique.fr\/nord\/lille-le-corps-d-une-jeune-femme-retrouve-dans-le-canal-de-la-deule-1761582971\" rel=\"noopener\">dans le canal de la De\u00fble<\/a> \u00e0 Lille (<a target=\"_self\" href=\"https:\/\/www.lanouvellerepublique.fr\/nord\" rel=\"noopener\">Nord<\/a>) est morte par noyade, a r\u00e9v\u00e9l\u00e9 l\u2019autopsie. L\u2019enqu\u00eate se poursuit pour d\u00e9terminer les circonstances exactes du drame, rapporte <a target=\"_blank\" href=\"https:\/\/www.lavoixdunord.fr\/1640587\/article\/2025-10-28\/que-s-est-il-passe-la-nuit-ou-juliette-retrouvee-noyee-dans-la-deule-lille\" rel=\"noopener\">La Voix du Nord<\/a>.<\/p>\n<p>Selon <a target=\"_blank\" href=\"https:\/\/actu.fr\/hauts-de-france\/lille_59350\/lille-la-jeune-femme-retrouvee-morte-dans-la-deule-est-decedee-par-noyade-selon-lautopsie_63364369.html\" rel=\"noopener\">Lille Actu<\/a>, le parquet de Lille a maintenu ce mardi le cadre juridique des investigations, \u00e0 savoir une enqu\u00eate en recherche des causes de la mort. La piste criminelle n\u2019est pas privil\u00e9gi\u00e9e, \u00e0 ce stade, a de nouveau pr\u00e9cis\u00e9 le parquet, indique <a target=\"_blank\" href=\"https:\/\/france3-regions.franceinfo.fr\/hauts-de-france\/nord-0\/lille\/le-corps-d-une-jeune-femme-retrouve-dans-un-canal-a-lille-le-procureur-confirme-son-deces-par-noyade-3240889.html\" rel=\"noopener\">France\u00a03 Hauts-de-France<\/a>.<\/p>\n<p>Pas suivie \u00e0 la sortie du bar<\/p>\n<p>La victime a pass\u00e9 la soir\u00e9e avec des amis dans plusieurs bars du Vieux-Lille, dans la nuit du jeudi\u00a023 au vendredi 24\u00a0octobre. Elle a fini par se retrouver seule au June Box. Peu avant 1\u00a0h du matin, \u00ab\u00a0un mec chelou, au comportement d\u00e9plac\u00e9\u00a0\u00bb aurait commenc\u00e9 \u00e0 importuner la jeune femme alcoolis\u00e9e, a racont\u00e9 un serveur du quartier \u00e0 La Voix du Nord. Il aurait \u00e9t\u00e9 raccompagn\u00e9 vers la sortie.<\/p>\n<p>Des images de l\u2019individu ont circul\u00e9 sur les r\u00e9seaux sociaux peu apr\u00e8s la disparition de la jeune femme, qui a quitt\u00e9 le bar vers 2\u00a0h. Selon la vid\u00e9osurveillance, elle n\u2019\u00e9tait pas suivie \u00e0 ce moment-l\u00e0. \u00ab\u00a0Ce type de diffusion a pour cons\u00e9quence de livrer au public la photographie d\u2019une personne qui se retrouve presque mise en cause de faits gravissimes dont l\u2019existence n\u2019est pas \u00e9tablie \u00e0 cette heure\u00a0\u00bb, a indiqu\u00e9 le procureur le week-end dernier. Ce dernier a ainsi appel\u00e9 \u00e0 \u00ab\u00a0cesser de relayer ces messages\u00a0\u00bb.<\/p>\n","protected":false},"excerpt":{"rendered":"La jeune femme retrouv\u00e9e vendredi 24\u00a0octobre 2025 dans le canal de la De\u00fble \u00e0 Lille (Nord) est morte&hellip;\n","protected":false},"author":2,"featured_media":497927,"comment_status":"","ping_status":"","sticky":false,"template":"","format":"standard","meta":{"footnotes":""},"categories":[2815],"tags":[328,1111,11,1674,1777,674,274,1011,27,811,1307,12,1308,25],"class_list":{"0":"post-497926","1":"post","2":"type-post","3":"status-publish","4":"format-standard","5":"has-post-thumbnail","7":"category-lille","8":"tag-a-la-une","9":"tag-actu","10":"tag-actualites","11":"tag-communes","12":"tag-eu","13":"tag-europe","14":"tag-faits-divers-justice","15":"tag-fr","16":"tag-france","17":"tag-hauts-de-france","18":"tag-lille","19":"tag-news","20":"tag-nord","21":"tag-republique-francaise"},"share_on_mastodon":{"url":"https:\/\/pubeurope.com\/@fr\/115458150508996995","error":""},"_links":{"self":[{"href":"https:\/\/www.europesays.com\/fr\/wp-json\/wp\/v2\/posts\/497926","targetHints":{"allow":["GET"]}}],"collection":[{"href":"https:\/\/www.europesays.com\/fr\/wp-json\/wp\/v2\/posts"}],"about":[{"href":"https:\/\/www.europesays.com\/fr\/wp-json\/wp\/v2\/types\/post"}],"author":[{"embeddable":true,"href":"https:\/\/www.europesays.com\/fr\/wp-json\/wp\/v2\/users\/2"}],"replies":[{"embeddable":true,"href":"https:\/\/www.europesays.com\/fr\/wp-json\/wp\/v2\/comments?post=497926"}],"version-history":[{"count":0,"href":"https:\/\/www.europesays.com\/fr\/wp-json\/wp\/v2\/posts\/497926\/revisions"}],"wp:featuredmedia":[{"embeddable":true,"href":"https:\/\/www.europesays.com\/fr\/wp-json\/wp\/v2\/media\/497927"}],"wp:attachment":[{"href":"https:\/\/www.europesays.com\/fr\/wp-json\/wp\/v2\/media?parent=497926"}],"wp:term":[{"taxonomy":"category","embeddable":true,"href":"https:\/\/www.europesays.com\/fr\/wp-json\/wp\/v2\/categories?post=497926"},{"taxonomy":"post_tag","embeddable":true,"href":"https:\/\/www.europesays.com\/fr\/wp-json\/wp\/v2\/tags?post=497926"}],"curies":[{"name":"wp","href":"https:\/\/api.w.org\/{rel}","templated":true}]}}