{"id":497930,"date":"2025-10-29T15:26:13","date_gmt":"2025-10-29T15:26:13","guid":{"rendered":"https:\/\/www.europesays.com\/fr\/497930\/"},"modified":"2025-10-29T15:26:13","modified_gmt":"2025-10-29T15:26:13","slug":"un-couple-de-nonagenaire-victime-dun-home-jacking-a-marseille-plus-de-500-000-euros-de-bijoux-voles","status":"publish","type":"post","link":"https:\/\/www.europesays.com\/fr\/497930\/","title":{"rendered":"Un couple de nonag\u00e9naire victime d\u2019un home jacking \u00e0 Marseille, plus de 500\u00a0000\u00a0euros de bijoux vol\u00e9s"},"content":{"rendered":"<p class=\"paragraph text_align_left lp-f-body-02\">Il ne leur a fallu que quelques secondes pour d\u00e9rober l\u2019\u00e9quivalent de pr\u00e8s d\u2019un demi-million d\u2019euros. Deux hommes ont d\u00e9rob\u00e9 500 000 euros de bijoux lors <a href=\"https:\/\/www.leparisien.fr\/val-de-marne-94\/nouveau-home-jacking-au-perreux-sur-marne-une-femme-ligotee-a-son-domicile-29-09-2025-7AAFN3SP2ND4PAOMCASUSDWQSE.php\" target=\"_blank\" rel=\"noreferrer noopener\">d\u2019un home jacking<\/a> survenu chez un couple d\u2019octog\u00e9naire, vendredi 24 octobre \u00e0 Marseille (<a href=\"https:\/\/www.leparisien.fr\/bouches-du-rhone-13\/\" target=\"_blank\" rel=\"noreferrer noopener\">Bouches-du-Rh\u00f4ne<\/a>), a fait savoir le parquet de Marseille au Parisien, confirmant des informations de <a href=\"https:\/\/www.laprovence.com\/article\/faits-divers-justice\/4337989805742214\/homejacking-sur-le-prado-a-marseille-les-victimes-nonagenaires-depouillees-de-plus-dun-demi-million-deuros-de-bijoux\" rel=\"noopener\" target=\"_blank\">La Provence<\/a>.<\/p>\n<p class=\"paragraph text_align_left lp-f-body-02\">Une enqu\u00eate en flagrance a \u00e9t\u00e9 ouverte pour \u00ab vol avec violence aggrav\u00e9e par une autre circonstance \u00bb, confi\u00e9e \u00e0 la Division de la Criminalit\u00e9 Territoriale<b> <\/b>(DCT), a fait savoir le parquet de Marseille, qui pr\u00e9cise qu\u2019aucune interpellation n\u2019a eu lieu \u00e0 ce stade.<\/p>\n<p>Le nonag\u00e9naire maintenu au sol les yeux band\u00e9s<\/p>\n<p class=\"paragraph text_align_left lp-f-body-02\">Ce jour-l\u00e0, vers 18 heures, deux hommes, cagoul\u00e9s et munis de gants, ont p\u00e9n\u00e9tr\u00e9 dans l\u2019appartement d\u2019un couple de nonag\u00e9naire, situ\u00e9 sur l\u2019avenue du Prado, \u00e0 Marseille. Les deux hommes ont sonn\u00e9 \u00e0 l\u2019interphone de l\u2019immeuble et se sont fait passer pour des membres d\u2019un groupe d\u2019aide aux personnes \u00e2g\u00e9es de la communaut\u00e9 isra\u00e9lite, selon nos informations.<\/p>\n<p class=\"paragraph text_align_left lp-f-body-02\">Le propri\u00e9taire, un homme de 95 ans, a ouvert la porte sans se m\u00e9fier. Mais en une fraction de seconde, il a \u00e9t\u00e9 projet\u00e9 au sol par les malfrats. Pendant que le premier malfaiteur a maintenu la victime au sol, apr\u00e8s lui avoir band\u00e9 les yeux, le second a p\u00e9n\u00e9tr\u00e9 dans le logement pour d\u00e9rober les bijoux. Selon les premiers \u00e9l\u00e9ments de l\u2019enqu\u00eate, le butin est \u00e9valu\u00e9 \u00e0 500 000 euros.<\/p>\n<p class=\"lp-card-podcast-highlighting__title  lp-f-subtitle-05\">[2\/2] Bruno Sulak\u00a0: serial braqueur<\/p>\n<p class=\"lp-card-podcast-highlighting__description lp-f-ui-05\">Crime story raconte chaque semaine les grandes affaires criminelles.<\/p>\n<p><a class=\"lp-card-podcast-highlighting__call-to-action\" data-page-type=\"HP\" data-block-name=\"podcast-highlight\">\u00c9couter<\/a><\/p>\n<p class=\"paragraph text_align_left lp-f-body-02\">Le nonag\u00e9naire, un ancien bijoutier \u00e0 la retraite, a \u00e9t\u00e9 l\u00e9g\u00e8rement bless\u00e9 \u00e0 la t\u00eate. Pris en charge par les marins-pompiers en \u00e9tat de choc, il a \u00e9t\u00e9 transport\u00e9 \u00e0 l\u2019h\u00f4pital pour des examens, a-t-on appris. Son \u00e9pouse, elle, n\u2019a pas assist\u00e9 aux faits, elle \u00e9tait alit\u00e9e dans sa chambre au moment du home jacking.<\/p>\n","protected":false},"excerpt":{"rendered":"Il ne leur a fallu que quelques secondes pour d\u00e9rober l\u2019\u00e9quivalent de pr\u00e8s d\u2019un demi-million d\u2019euros. Deux hommes&hellip;\n","protected":false},"author":2,"featured_media":420238,"comment_status":"","ping_status":"","sticky":false,"template":"","format":"standard","meta":{"footnotes":""},"categories":[2814],"tags":[1111,11,459,1777,674,118,1011,27,884,12,882,25],"class_list":{"0":"post-497930","1":"post","2":"type-post","3":"status-publish","4":"format-standard","5":"has-post-thumbnail","7":"category-marseille","8":"tag-actu","9":"tag-actualites","10":"tag-departements-horsidfo","11":"tag-eu","12":"tag-europe","13":"tag-faits-divers","14":"tag-fr","15":"tag-france","16":"tag-marseille","17":"tag-news","18":"tag-provence-alpes-cote-dazur","19":"tag-republique-francaise"},"share_on_mastodon":{"url":"https:\/\/pubeurope.com\/@fr\/115458158341972547","error":""},"_links":{"self":[{"href":"https:\/\/www.europesays.com\/fr\/wp-json\/wp\/v2\/posts\/497930","targetHints":{"allow":["GET"]}}],"collection":[{"href":"https:\/\/www.europesays.com\/fr\/wp-json\/wp\/v2\/posts"}],"about":[{"href":"https:\/\/www.europesays.com\/fr\/wp-json\/wp\/v2\/types\/post"}],"author":[{"embeddable":true,"href":"https:\/\/www.europesays.com\/fr\/wp-json\/wp\/v2\/users\/2"}],"replies":[{"embeddable":true,"href":"https:\/\/www.europesays.com\/fr\/wp-json\/wp\/v2\/comments?post=497930"}],"version-history":[{"count":0,"href":"https:\/\/www.europesays.com\/fr\/wp-json\/wp\/v2\/posts\/497930\/revisions"}],"wp:featuredmedia":[{"embeddable":true,"href":"https:\/\/www.europesays.com\/fr\/wp-json\/wp\/v2\/media\/420238"}],"wp:attachment":[{"href":"https:\/\/www.europesays.com\/fr\/wp-json\/wp\/v2\/media?parent=497930"}],"wp:term":[{"taxonomy":"category","embeddable":true,"href":"https:\/\/www.europesays.com\/fr\/wp-json\/wp\/v2\/categories?post=497930"},{"taxonomy":"post_tag","embeddable":true,"href":"https:\/\/www.europesays.com\/fr\/wp-json\/wp\/v2\/tags?post=497930"}],"curies":[{"name":"wp","href":"https:\/\/api.w.org\/{rel}","templated":true}]}}