{"id":497936,"date":"2025-10-29T15:32:15","date_gmt":"2025-10-29T15:32:15","guid":{"rendered":"https:\/\/www.europesays.com\/fr\/497936\/"},"modified":"2025-10-29T15:32:15","modified_gmt":"2025-10-29T15:32:15","slug":"la-video-du-papy-fraudeur-du-rer-a-paris-enflamme-les-reseaux-mathilde-panot-demande-la-demission-de-macron","status":"publish","type":"post","link":"https:\/\/www.europesays.com\/fr\/497936\/","title":{"rendered":"La vid\u00e9o du papy fraudeur du RER \u00e0 Paris enflamme les r\u00e9seaux, Mathilde Panot demande la d\u00e9mission de Macron"},"content":{"rendered":"<p>            Par<br \/>\n        <strong><br \/>\n            <a href=\"https:\/\/actu.fr\/auteur\/redaction-paris\" title=\"Consulter tous les articles de R\u00e9daction Paris\" target=\"_blank\" rel=\"noopener\">R\u00e9daction Paris<\/a><br \/>\n        <\/strong><\/p>\n<p>        Publi\u00e9 le<\/p>\n<p>            29 oct. 2025 \u00e0 16h08        <\/p>\n<p>Passer au-dessus du tourniquet lui aura pris un peu plus de temps qu\u2019\u00e0 un fraudeur aguerri. Dans une vid\u00e9o diffus\u00e9e sur les <a href=\"https:\/\/actu.fr\/tag\/reseaux-sociaux\" target=\"_blank\" rel=\"noopener\">r\u00e9seaux sociaux<\/a> ce mardi 28 octobre 2025, un senior a \u00e9t\u00e9 <strong>film\u00e9 en train de frauder<\/strong>\u00a0le <a href=\"https:\/\/actu.fr\/tag\/rer-b\" target=\"_blank\" rel=\"noopener\">RER B<\/a> \u00e0 Denfert-Rochereau, \u00e0 Paris. Une sc\u00e8ne d\u00e9routante qui pr\u00eate \u00e0 rire, mais qui soul\u00e8ve un probl\u00e8me de fond : le co\u00fbt des transports en commun pour les personnes \u00e2g\u00e9es.<\/p>\n<p>La fin de la gratuit\u00e9\u00a0<\/p>\n<p class=\" wall-content\">Rapidement, l\u2019engrenage des r\u00e9seaux sociaux s\u2019est mis en route. La vid\u00e9o comptabilise 34 000 vues, a \u00e9t\u00e9 comment\u00e9e plusieurs dizaines de fois et reprise par des politiques, dont Mathilde Panot. La d\u00e9put\u00e9e LFI du Val-de-Marne a republi\u00e9 le clip en commentant : \u00ab\u202fL\u2019indignit\u00e9 n\u2019est pas du c\u00f4t\u00e9 de cette personne \u00e2g\u00e9e, mais de ceux qui la laissent dans la mis\u00e8re. Macron d\u00e9mission\u202f!\u202f\u00bb<\/p>\n<p class=\" wall-content\">\n<p class=\" wall-content\">\u00ab\u00a0Les transports sont gratuits pour les personnes \u00e2g\u00e9es \u00e0 faible revenu !\u00a0\u00bb, a r\u00e9pondu une internaute, suivie par plusieurs dizaines d\u2019autres, rappelant que gr\u00e2ce au <strong>forfait Am\u00e9thyste<\/strong>, les seniors, adultes handicap\u00e9s ou inaptes au travail, les anciens combattants ou les veuves de guerre b\u00e9n\u00e9ficient, sous conditions de ressources, d\u2019un abonnement gratuit ou \u00e0 un tarif tr\u00e8s pr\u00e9f\u00e9rentiel.<\/p>\n<p class=\" wall-content\">\n<p class=\" wall-content\">Un argument valable \u00e0 Paris mais qui ne l\u2019est pas dans toute la r\u00e9gion. Dans le Val-de-Marne notamment, le Conseil d\u00e9partemental a vot\u00e9, en mars 2025, <a href=\"https:\/\/actu.fr\/ile-de-france\/creteil_94028\/injuste-et-inacceptable-dans-le-val-de-marne-la-suppression-de-la-carte-amethyste-seme-la-discorde_62326730.html\" target=\"_blank\" rel=\"noopener\">la fin de ce forfait<\/a> qui permettait aux plus de 60 ans non imposables de voyager dans les transports pour 25 euros par an, plongeant une partie de la population dans l\u2019isolement. Une <a href=\"https:\/\/actu.fr\/ile-de-france\/creteil_94028\/ils-doivent-frauder-dans-les-transports-la-galere-des-seniors-du-val-de-marne-prives-du-forfait-amethyste_63361376.html\" target=\"_blank\" rel=\"noopener\">situation d\u00e9nonc\u00e9e par l\u2019association Kawa des seigneurs<\/a>.\u00a0\u00ab\u2009Certains m\u2019ont confi\u00e9 devoir <strong>frauder pour la premi\u00e8re fois<\/strong> de leur vie\u2009\u00bb, expliquait \u00e0\u00a0actu Paris Dalila Hamdaoui, m\u00e9diatrice sociale et culturelle du collectif.\u00a0<\/p>\n<p class=\" wall-content\">Invit\u00e9e de <a href=\"https:\/\/www.franceinfo.fr\/economie\/budget\/budget-2026-les-socialistes-se-sont-compromis-ont-change-d-alliance-et-change-de-programme-estime-mathilde-panot_7582340.html#\" target=\"_blank\" rel=\"noopener\">franceinfo<\/a> ce mercredi 29 octobre 2025, <a href=\"https:\/\/actu.fr\/economie\/mathilde-panot-veut-desarmer-les-policiers-municipaux-mais-deja-pourquoi-ont-ils-le-droit-d-en-porter-une_62878750.html\" target=\"_blank\" rel=\"noopener\">Mathilde Panot<\/a> a \u00e9t\u00e9 interrog\u00e9e sur son tweet. \u00ab Emmanuel Macron est responsable de tous les maux du pays, y compris de ceux qui fraudent ? \u00bb, lui lance le journaliste, Paul Larrouturou. \u00ab Je vous mets au d\u00e9fi de regarder cette vid\u00e9o et <strong>de ne pas avoir le c\u0153ur bris\u00e9<\/strong>, vraiment \u00bb, r\u00e9torque la d\u00e9put\u00e9e avant de poursuivre : \u00ab Le prix du ticket de m\u00e9tro, aujourd\u2019hui, dans notre pays, c\u2019est quasiment l\u2019\u00e9quivalent de deux paquets de p\u00e2tes. La mis\u00e8re dont nous parlons est r\u00e9elle. \u00bb<\/p>\n<p class=\" wall-content\">Le senior pris en flagrant d\u00e9lit de fraude fait-il partie de ces retrait\u00e9s pr\u00e9caires ou avait-il simplement <strong>oubli\u00e9<\/strong> son pass Navigo ?\u00a0<\/p>\n<p class=\" wall-content\">Personnalisez votre actualit\u00e9 en ajoutant vos villes et m\u00e9dias en favori avec <a href=\"https:\/\/moncompte.actu.fr\" title=\"D\u00e9couvez Mon Actu\" rel=\"nofollow noopener\" data-trk=\"{&quot;cta&quot;:{&quot;action&quot;:&quot;https:\\\/\\\/moncompte.actu.fr&quot;,&quot;category&quot;:&quot;mon compte&quot;,&quot;from&quot;:&quot;article footer&quot;,&quot;name&quot;:&quot;Mon actu&quot;,&quot;type&quot;:&quot;cta&quot;}}\" target=\"_blank\">Mon Actu<\/a>.<\/p>\n","protected":false},"excerpt":{"rendered":"Par R\u00e9daction Paris Publi\u00e9 le 29 oct. 2025 \u00e0 16h08 Passer au-dessus du tourniquet lui aura pris un&hellip;\n","protected":false},"author":2,"featured_media":497937,"comment_status":"","ping_status":"","sticky":false,"template":"","format":"standard","meta":{"footnotes":""},"categories":[1888],"tags":[1111,1928,11,1927,1777,674,1011,27,12,1926,626,1925,25,3552,104,2803],"class_list":{"0":"post-497936","1":"post","2":"type-post","3":"status-publish","4":"format-standard","5":"has-post-thumbnail","7":"category-paris","8":"tag-actu","9":"tag-actu-paris","10":"tag-actualites","11":"tag-actualites-paris","12":"tag-eu","13":"tag-europe","14":"tag-fr","15":"tag-france","16":"tag-news","17":"tag-news-paris","18":"tag-paris","19":"tag-paris-news","20":"tag-republique-francaise","21":"tag-seniors","22":"tag-societe","23":"tag-transport"},"share_on_mastodon":{"url":"https:\/\/pubeurope.com\/@fr\/115458181986897475","error":""},"_links":{"self":[{"href":"https:\/\/www.europesays.com\/fr\/wp-json\/wp\/v2\/posts\/497936","targetHints":{"allow":["GET"]}}],"collection":[{"href":"https:\/\/www.europesays.com\/fr\/wp-json\/wp\/v2\/posts"}],"about":[{"href":"https:\/\/www.europesays.com\/fr\/wp-json\/wp\/v2\/types\/post"}],"author":[{"embeddable":true,"href":"https:\/\/www.europesays.com\/fr\/wp-json\/wp\/v2\/users\/2"}],"replies":[{"embeddable":true,"href":"https:\/\/www.europesays.com\/fr\/wp-json\/wp\/v2\/comments?post=497936"}],"version-history":[{"count":0,"href":"https:\/\/www.europesays.com\/fr\/wp-json\/wp\/v2\/posts\/497936\/revisions"}],"wp:featuredmedia":[{"embeddable":true,"href":"https:\/\/www.europesays.com\/fr\/wp-json\/wp\/v2\/media\/497937"}],"wp:attachment":[{"href":"https:\/\/www.europesays.com\/fr\/wp-json\/wp\/v2\/media?parent=497936"}],"wp:term":[{"taxonomy":"category","embeddable":true,"href":"https:\/\/www.europesays.com\/fr\/wp-json\/wp\/v2\/categories?post=497936"},{"taxonomy":"post_tag","embeddable":true,"href":"https:\/\/www.europesays.com\/fr\/wp-json\/wp\/v2\/tags?post=497936"}],"curies":[{"name":"wp","href":"https:\/\/api.w.org\/{rel}","templated":true}]}}