{"id":497950,"date":"2025-10-29T15:39:14","date_gmt":"2025-10-29T15:39:14","guid":{"rendered":"https:\/\/www.europesays.com\/fr\/497950\/"},"modified":"2025-10-29T15:39:14","modified_gmt":"2025-10-29T15:39:14","slug":"le-roi-charles-iii-et-la-reine-camilla-visitent-le-plus-grand-temple-hindou","status":"publish","type":"post","link":"https:\/\/www.europesays.com\/fr\/497950\/","title":{"rendered":"Le roi Charles III et la reine Camilla visitent le plus grand temple hindou"},"content":{"rendered":"<p>Le roi Charles III et la reine Camilla ont visit\u00e9 le temple Neasden, \u00e0 Londres, \u00e0 l\u2019occasion de son 30e anniversaire. Le couple royal britannique a pri\u00e9 avec la communaut\u00e9 hindoue qui fr\u00e9quente le plus grand temple hindou du pas. Les souverains ont \u00e9chang\u00e9 \u00e0 propos des initiatives sociales mises en place pour la communaut\u00e9. <\/p>\n<p><strong>Lire aussi : <a href=\"https:\/\/histoiresroyales.fr\/priere-historique-roi-charles-iii-pape-leon-xiv-catholique-anglican\/\" rel=\"nofollow noopener\" target=\"_blank\">Un monarque britannique et un pape prient ensemble pour la premi\u00e8re fois depuis 500 ans pour la protection de la cr\u00e9ation<\/a><\/strong><\/p>\n<p>Le couple royal britannique en visite au temple Neasden de Londres<\/p>\n<p>Le grand temple hindou Neasden a \u00e9t\u00e9 fond\u00e9 en 1995, il y a 30 ans. Ce temple, de la d\u00e9nomination BAPS au sein du mouvement Swaminarayan, est le plus grand temple hindou du Royaume-Uni. Ce 29 octobre 2025, le <a href=\"https:\/\/histoiresroyales.fr\/famille-royale-britannique\/roi-charles-iii\/\" rel=\"nofollow noopener\" target=\"_blank\">roi Charles III<\/a>, 76 ans, et la reine Camilla, 78 ans, ont visit\u00e9 le temple situ\u00e9 dans le borough londonien de Brent pour son 30e anniversaire. <\/p>\n<p><img fetchpriority=\"high\" decoding=\"async\" width=\"1300\" height=\"867\" src=\"https:\/\/www.europesays.com\/fr\/wp-content\/uploads\/2025\/10\/temple-neasden-hindou-roi-charles.jpg\" alt=\"\" class=\"wp-image-226259 lazyload\" data-  \/>Le roi Charles et la reine Camilla \u00e0 l\u2019entr\u00e9e du temple Neasden ce 29 octobre 2025 (Photo : Aaron Chown\/PA Wire\/ABACAPRESS.COM)<\/p>\n<p><strong>Lire aussi : <a href=\"https:\/\/histoiresroyales.fr\/roi-charles-iii-accueilli-pape-leon-xiv-vatican-effectuer-visite-detat-historique\/\" rel=\"nofollow noopener\" target=\"_blank\">Le roi Charles III accueilli par le pape L\u00e9on\u00a0XIV au Vatican pour effectuer une visite d\u2019\u00c9tat historique<\/a><\/strong><\/p>\n<p>Le temple en marbre de Carrare et en calcaire est une \u0153uvre architecturale impressionnante. Chacune des 26 000 pierres pos\u00e9es est taill\u00e9e dans un motif diff\u00e9rent. Le b\u00e2timent a \u00e9t\u00e9 construit selon les principes architecturaux v\u00e9diques classiques, notamment sans acier structurel. La construction a \u00e9t\u00e9 financ\u00e9e par des donateurs priv\u00e9s.<\/p>\n<p><img loading=\"lazy\" decoding=\"async\" width=\"1399\" height=\"933\" src=\"https:\/\/www.europesays.com\/fr\/wp-content\/uploads\/2025\/10\/roi-charles-iii-reine-camilla-visitent-temple-neasden-hindou.jpg\" alt=\"\" class=\"wp-image-226260 lazyload\" data-  \/>Le couple royal en visite aupr\u00e8s de la communaut\u00e9 hindoue du Grand Londres (Photo : Aaron Chown\/PA Wire\/ABACAPRESS.COM)<\/p>\n<p><strong>Lire aussi : <a href=\"https:\/\/histoiresroyales.fr\/pape-octroie-roi-charles-iii-titre-confrere-royal-de-saint-paul-trone-perpetuel\/\" rel=\"nofollow noopener\" target=\"_blank\">Le roi Charles III re\u00e7oit le titre de Confr\u00e8re royal et un tr\u00f4ne perp\u00e9tuel pour les monarques britanniques \u00e0 Saint-Paul-hors-les-Murs<\/a><\/strong><\/p>\n<p>Le roi Charles III et la reine Camilla ont profit\u00e9 de cette visite pour souhaiter une bonne f\u00eate de Divali \u00e0 toute la communaut\u00e9. Divali est la f\u00eate des lumi\u00e8res qui a \u00e9t\u00e9 c\u00e9l\u00e9br\u00e9e il y a une dizaine de jours. Le roi Charles III connait bien les lieux. Il s\u2019agissait de sa premi\u00e8re visite en tant que Roi. Il avait d\u00e9j\u00e0 visit\u00e9 le temple en 1996, 2001 et 2009. Lors de sa derni\u00e8re visite, il \u00e9tait accompagn\u00e9 de Camilla.<\/p>\n<p>Selon le Bureau national des statistiques (<a href=\"https:\/\/www.ons.gov.uk\/\" rel=\"nofollow noopener\" target=\"_blank\">ONS<\/a>), l\u2019hindouisme est le troisi\u00e8me groupe religieux au Royaume (1,7%) derri\u00e8re le christianisme (46%) et l\u2019islam (6,5%). La moiti\u00e9 des Britanniques pratiquant l\u2019hindouisme vivrait dans la r\u00e9gion londonienne. Lors de cette visite, le roi Charles III a observ\u00e9 des c\u00e9r\u00e9monies et des rituels pratiqu\u00e9s au temple. Le couple royal a \u00e9galement \u00e9chang\u00e9 avec la communaut\u00e9 pour en savoir plus sur les activit\u00e9s sociales mises en place pour renforcer la coh\u00e9sion et l\u2019entraide entre les membres de la communaut\u00e9. <\/p>\n<p>\t\t\t\t<img loading=\"lazy\" alt=\"Avatar photo\" src=\"https:\/\/www.europesays.com\/fr\/wp-content\/uploads\/2025\/04\/1516945716303-164x164.jpeg\"  class=\"avatar avatar-164 photo lazyload\" height=\"164\" width=\"164\" decoding=\"async\"\/><br \/>\n\t\t<a href=\"https:\/\/histoiresroyales.fr\/author\/royaliste123\/\" rel=\"nofollow noopener\" target=\"_blank\">Nicolas Fontaine<\/a><br \/>\n\t\t\t\t\tR\u00e9dacteur en chef<\/p>\n<p>Nicolas Fontaine a \u00e9t\u00e9 concepteur-r\u00e9dacteur et auteur pour de nombreuses marques et m\u00e9dias belges et fran\u00e7ais. Sp\u00e9cialiste de l&rsquo;actualit\u00e9 des familles royales, Nicolas a fond\u00e9 le site Histoires royales dont il est le r\u00e9dacteur en chef.&#13;<br \/>\n&#13;<br \/>\nnicolas@histoiresroyales.fr<\/p>\n<p>\t\t\t\t\t\t\t<a href=\"https:\/\/twitter.com\/ActusRoyales\" class=\"boxed-icon fill twitter\" target=\"_blank\" rel=\"nofollow noopener\"><\/a><br \/>\n\t\t\t\t\t\t\t\t\t<a href=\"https:\/\/www.instagram.com\/histoiresroyales.fr\/\" class=\"boxed-icon fill instagram\" target=\"_blank\" rel=\"nofollow noopener\"><\/a><\/p>\n<p>\t\t\t\t\t\t\t\t\t\t\t\t\t<script async src=\"https:\/\/platform.twitter.com\/widgets.js\" charset=\"utf-8\"><\/script><script async src=\"\/\/www.instagram.com\/embed.js\"><\/script><\/p>\n","protected":false},"excerpt":{"rendered":"Le roi Charles III et la reine Camilla ont visit\u00e9 le temple Neasden, \u00e0 Londres, \u00e0 l\u2019occasion de&hellip;\n","protected":false},"author":2,"featured_media":497951,"comment_status":"","ping_status":"","sticky":false,"template":"","format":"standard","meta":{"footnotes":""},"categories":[1588],"tags":[11,4793,1777,674,62051,8101,12,4795,473,1853,38440,1851,1850,1852],"class_list":{"0":"post-497950","1":"post","2":"type-post","3":"status-publish","4":"format-standard","5":"has-post-thumbnail","7":"category-royaume-uni","8":"tag-actualites","9":"tag-camilla-parker-bowles","10":"tag-eu","11":"tag-europe","12":"tag-hindou","13":"tag-hindouisme","14":"tag-news","15":"tag-roi-charles-iii","16":"tag-royaume-uni","17":"tag-royaume-uni-de-grande-bretagne-et-dirlande-du-nord","18":"tag-temple","19":"tag-uk","20":"tag-united-kingdom","21":"tag-united-kingdom-of-great-britain-and-northern-ireland"},"share_on_mastodon":{"url":"https:\/\/pubeurope.com\/@fr\/115458210262935529","error":""},"_links":{"self":[{"href":"https:\/\/www.europesays.com\/fr\/wp-json\/wp\/v2\/posts\/497950","targetHints":{"allow":["GET"]}}],"collection":[{"href":"https:\/\/www.europesays.com\/fr\/wp-json\/wp\/v2\/posts"}],"about":[{"href":"https:\/\/www.europesays.com\/fr\/wp-json\/wp\/v2\/types\/post"}],"author":[{"embeddable":true,"href":"https:\/\/www.europesays.com\/fr\/wp-json\/wp\/v2\/users\/2"}],"replies":[{"embeddable":true,"href":"https:\/\/www.europesays.com\/fr\/wp-json\/wp\/v2\/comments?post=497950"}],"version-history":[{"count":0,"href":"https:\/\/www.europesays.com\/fr\/wp-json\/wp\/v2\/posts\/497950\/revisions"}],"wp:featuredmedia":[{"embeddable":true,"href":"https:\/\/www.europesays.com\/fr\/wp-json\/wp\/v2\/media\/497951"}],"wp:attachment":[{"href":"https:\/\/www.europesays.com\/fr\/wp-json\/wp\/v2\/media?parent=497950"}],"wp:term":[{"taxonomy":"category","embeddable":true,"href":"https:\/\/www.europesays.com\/fr\/wp-json\/wp\/v2\/categories?post=497950"},{"taxonomy":"post_tag","embeddable":true,"href":"https:\/\/www.europesays.com\/fr\/wp-json\/wp\/v2\/tags?post=497950"}],"curies":[{"name":"wp","href":"https:\/\/api.w.org\/{rel}","templated":true}]}}