{"id":497956,"date":"2025-10-29T15:42:10","date_gmt":"2025-10-29T15:42:10","guid":{"rendered":"https:\/\/www.europesays.com\/fr\/497956\/"},"modified":"2025-10-29T15:42:10","modified_gmt":"2025-10-29T15:42:10","slug":"larmenie-se-rapproche-de-lue-par-ses-valeurs-et-ses-principes-democratiques-affirme-kaja-kallas","status":"publish","type":"post","link":"https:\/\/www.europesays.com\/fr\/497956\/","title":{"rendered":"L&rsquo;Arm\u00e9nie se rapproche de l\u2019UE par ses valeurs et ses principes d\u00e9mocratiques affirme Kaja Kallas"},"content":{"rendered":"<p>Kaja Kallas, Haute Repr\u00e9sentante de l\u2019Union europ\u00e9enne pour les affaires \u00e9trang\u00e8res et la politique de s\u00e9curit\u00e9, s\u2019est adress\u00e9e aux participants de la 12e session pl\u00e9ni\u00e8re de l\u2019Assembl\u00e9e parlementaire Euronest, qui s\u2019est tenue \u00e0 Yerevan. Son message a \u00e9t\u00e9 pr\u00e9sent\u00e9 lors de la session par Odrone Perkauskininkai, directeur adjoint du Service europ\u00e9en pour l\u2019action ext\u00e9rieure.<\/p>\n<p>Dans son message, Kaja Kallas a \u00e9voqu\u00e9 le processus de paix entre l\u2019Arm\u00e9nie et l\u2019Azerba\u00efdjan ainsi que la stabilit\u00e9 r\u00e9gionale.<\/p>\n<p>\u00ab Nous avons \u00e9galement une r\u00e9ussite \u00e0 signaler pour l\u2019Arm\u00e9nie et l\u2019Azerba\u00efdjan. L\u2019\u00e9tape historique franchie \u00e0 Washington le 8 ao\u00fbt a rapproch\u00e9 la r\u00e9gion de la stabilit\u00e9 et d\u2019une paix durable. Nous soutenons le processus de normalisation des relations entre l\u2019Arm\u00e9nie et l\u2019Azerba\u00efdjan et nous apportons notre soutien ind\u00e9fectible pour guider la r\u00e9gion vers une paix, une prosp\u00e9rit\u00e9 et un d\u00e9veloppement durables \u00bb, peut-on lire dans le message de Kaja Kallas.<\/p>\n<p>Selon Kaja Kallas, le processus de normalisation en cours promet d\u2019ouvrir des perspectives \u00e9conomiques sans pr\u00e9c\u00e9dent.<\/p>\n<p>\u00ab Actuellement, le processus de normalisation promet d\u2019ouvrir des perspectives \u00e9conomiques sans pr\u00e9c\u00e9dent, d\u2019ouvrir les fronti\u00e8res et de cr\u00e9er des liens transfrontaliers. Cela permettra \u00e9galement d\u2019approfondir les \u00e9changes et la confiance entre les peuples \u00bb, a soulign\u00e9 la Haute Repr\u00e9sentante de l\u2019UE.<\/p>\n<p>Il a \u00e9galement \u00e9voqu\u00e9 l\u2019approfondissement des relations entre l\u2019Arm\u00e9nie et l\u2019Union europ\u00e9enne.<\/p>\n<p>\u00ab Les r\u00e9cents d\u00e9veloppements dans les relations bilat\u00e9rales montrent que l\u2019Arm\u00e9nie se rapproche de nous par ses valeurs et ses principes d\u00e9mocratiques \u00bb, a-t-elle d\u00e9clar\u00e9.<\/p>\n<p>\u00a0<\/p>\n<p>Krikor Amirzayan<\/p>\n","protected":false},"excerpt":{"rendered":"Kaja Kallas, Haute Repr\u00e9sentante de l\u2019Union europ\u00e9enne pour les affaires \u00e9trang\u00e8res et la politique de s\u00e9curit\u00e9, s\u2019est adress\u00e9e&hellip;\n","protected":false},"author":2,"featured_media":497957,"comment_status":"","ping_status":"","sticky":false,"template":"","format":"standard","meta":{"footnotes":""},"categories":[1586],"tags":[11,5950,15149,312,1777,674,1779,1011,27,12,25,1778,364],"class_list":{"0":"post-497956","1":"post","2":"type-post","3":"status-publish","4":"format-standard","5":"has-post-thumbnail","7":"category-europe","8":"tag-actualites","9":"tag-armenie","10":"tag-azerbaidjan","11":"tag-diplomatie","12":"tag-eu","13":"tag-europe","14":"tag-european-union","15":"tag-fr","16":"tag-france","17":"tag-news","18":"tag-republique-francaise","19":"tag-ue","20":"tag-union-europeenne"},"share_on_mastodon":{"url":"https:\/\/pubeurope.com\/@fr\/115458221311171376","error":""},"_links":{"self":[{"href":"https:\/\/www.europesays.com\/fr\/wp-json\/wp\/v2\/posts\/497956","targetHints":{"allow":["GET"]}}],"collection":[{"href":"https:\/\/www.europesays.com\/fr\/wp-json\/wp\/v2\/posts"}],"about":[{"href":"https:\/\/www.europesays.com\/fr\/wp-json\/wp\/v2\/types\/post"}],"author":[{"embeddable":true,"href":"https:\/\/www.europesays.com\/fr\/wp-json\/wp\/v2\/users\/2"}],"replies":[{"embeddable":true,"href":"https:\/\/www.europesays.com\/fr\/wp-json\/wp\/v2\/comments?post=497956"}],"version-history":[{"count":0,"href":"https:\/\/www.europesays.com\/fr\/wp-json\/wp\/v2\/posts\/497956\/revisions"}],"wp:featuredmedia":[{"embeddable":true,"href":"https:\/\/www.europesays.com\/fr\/wp-json\/wp\/v2\/media\/497957"}],"wp:attachment":[{"href":"https:\/\/www.europesays.com\/fr\/wp-json\/wp\/v2\/media?parent=497956"}],"wp:term":[{"taxonomy":"category","embeddable":true,"href":"https:\/\/www.europesays.com\/fr\/wp-json\/wp\/v2\/categories?post=497956"},{"taxonomy":"post_tag","embeddable":true,"href":"https:\/\/www.europesays.com\/fr\/wp-json\/wp\/v2\/tags?post=497956"}],"curies":[{"name":"wp","href":"https:\/\/api.w.org\/{rel}","templated":true}]}}