{"id":497962,"date":"2025-10-29T15:45:14","date_gmt":"2025-10-29T15:45:14","guid":{"rendered":"https:\/\/www.europesays.com\/fr\/497962\/"},"modified":"2025-10-29T15:45:14","modified_gmt":"2025-10-29T15:45:14","slug":"de-la-france-du-rer-a-celle-du-ter-la-chronique-de-philippe-rio-29-octobre-2025","status":"publish","type":"post","link":"https:\/\/www.europesays.com\/fr\/497962\/","title":{"rendered":"De la France du RER \u00e0 celle du TER\u00a0! &#8211; La chronique de Philippe Rio &#8211; 29 octobre 2025"},"content":{"rendered":"<p>La Dordogne, sa grotte de Lascaux, sa gastronomie gourmande et son mythe de Cyrano Bergerac. En provenance de ma banlieue rouge, j\u2019ai \u00e9t\u00e9 invit\u00e9, la semaine derni\u00e8re, sur cette terre qui est aussi celle du communisme rural. Un voyage de la France du TER \u00e0 celle du RER. Deux France que d\u2019aucuns opposent pour faire leur beurre politique.<\/p>\n<p>Deux France qui pourtant subissent la m\u00eame peur du d\u00e9classement, le sentiment d\u2019abandon des services publics et un tissu industriel r\u00e9duit comme peau de chagrin. On va de l\u2019une de l\u2019autre par la France du TGV avec ses vacanciers press\u00e9s et ses cadres sup\u00e9rieurs scotch\u00e9s \u00e0 leurs \u00e9crans d\u2019ordinateur, un trajet \u00e0 toute vitesse parmi les vainqueurs de la mondialisation triomphante.<\/p>\n<p>Arriv\u00e9 sur place, on m\u2019expose les 4 r\u00e9gions naturelles qui divisent la g\u00e9ographie du d\u00e9partement\u00a0: les P\u00e9rigord noir, vert, blanc et pourpre\u00a0! Une terre d\u2019invasion de touristes anglais aussi. Si bien que pour maintenir la vie en dehors des p\u00e9riodes touristiques, il y aurait peut-\u00eatre des le\u00e7ons \u00e0 tirer des Armagnac qui luttaient contre l\u2019influence britannique, pendant la guerre de cent ans. Et sur la carte politique actuelle, on trouve non pas un village d\u2019irr\u00e9ductibles Gaulois, mais des ilots de progr\u00e8s social et d\u2019\u00e9mancipation humaine.<\/p>\n<p>\u00c0 Boulazac-Isle-Manoire, ville de 10\u00a0000 habitants, la municipalit\u00e9 allie solidarit\u00e9 internationale, \u00e9mancipation culturelle, sport de haut niveau pour tous. Boulazac, c\u2019est un jumelage avec un camp de r\u00e9fugi\u00e9s palestiniens, une \u00e9cole nationale du cirque, une salle de concert, un club de gymnastique de haut vol et une \u00e9quipe de basket de 1re division\u00a0! Et avec s\u00e9rieux budg\u00e9taire dans une p\u00e9riode de vache maigre financi\u00e8re\u00a0!<\/p>\n<p>\u00c0 Razac-sur-l\u2019Isle, 2\u00a0400 habitants, une ferme mara\u00eech\u00e8re au nom po\u00e9tique de l\u2019Ile aux anges a pris place pour nourrir les enfants des \u00e9coles et les seniors. \u00c0 Saint-Capraise-de-Lalinde et ses 500 \u00e2mes, l\u00e0 c\u2019est l\u2019audace de la participation citoyenne et de la d\u00e9mocratie directe\u00a0! En 2020, dix projets ont \u00e9t\u00e9 soumis au vote populaire et cinq ont \u00e9t\u00e9 retenus avec 37\u00a0% de participation. \u00c0 Baneuill et ses 600 habitants, le village est champion du monde du lien social avec 17 associations, un caf\u00e9 multiservice et une famille ukrainienne accueillie, dans une France rurale soi-disant repli\u00e9e sur elle-m\u00eame.<\/p>\n<p>En terres de Dordogne, un vent progressiste pourrait aussi faire triompher les listes de gauche \u00e0 Sarlat-la-Can\u00e9da et \u00e0 Bergerac. Mais attention un train peut en cacher un autre, \u00e0 Sarlat\u00a0! Pas avec la 1re adjointe macroniste d\u00e9guis\u00e9e sous l\u2019\u00e9tiquette Place publique, me demande-t-on de pr\u00e9ciser. Dans une France rurale qui serait promise au Rassemblement National, nos \u00e9lus ont du talent et de l\u2019audace. Ils font preuve d\u2019innovation sociale, \u00e9cologique, mais surtout de r\u00e9sistance au fascisme rampant et au lib\u00e9ralisme ravageur.<\/p>\n<p><strong>Oui, on s\u2019en doute\u00a0: vous en avez assez<\/strong><\/p>\n<p>Voir ces messages d\u2019appel au don, \u00e7a peut \u00eatre p\u00e9nible. Nous le savons. Et on doit bien vous avouer que nous pr\u00e9f\u00e9rerions ne pas avoir \u00e0 les \u00e9crire\u2026<\/p>\n<p>Mais voil\u00e0\u00a0: c\u2019est crucial pour l\u2019Humanit\u00e9. Si ce titre existe toujours aujourd\u2019hui, c\u2019est gr\u00e2ce au financement r\u00e9gulier de nos lectrices et lecteurs.<\/p>\n<ul class=\"wp-block-list\">\n<li>C\u2019est gr\u00e2ce \u00e0 votre soutien que nous pouvons exercer notre m\u00e9tier avec passion. Nous ne d\u00e9pendons ni des int\u00e9r\u00eats d\u2019un propri\u00e9taire milliardaire, ni de pressions politiques : <strong>personne ne nous dicte ce que nous devons dire ou taire<\/strong>.<\/li>\n<\/ul>\n<ul class=\"wp-block-list\">\n<li>Votre engagement nous lib\u00e8re aussi de la course aux clics et \u00e0 l\u2019audience. <strong>Plut\u00f4t que de chercher \u00e0 capter l\u2019attention \u00e0 tout prix, nous choisissons de traiter les sujets que notre r\u00e9daction juge essentiels<\/strong>\u00a0: parce qu\u2019ils m\u00e9ritent d\u2019\u00eatre lus, compris, partag\u00e9s. Parce que nous estimons qu\u2019ils vous seront utiles<\/li>\n<\/ul>\n<p>\u00c0 l\u2019heure actuelle, <strong>moins d\u2019un quart des lectrices et lecteurs<\/strong> qui viennent plus de 3\u00a0fois sur le site par semaine nous aident \u00e0 financer notre travail, par leur abonnement ou par leurs dons. Si vous voulez prot\u00e9ger le journalisme ind\u00e9pendant, <strong>s\u2019il vous pla\u00eet, rejoignez-les<\/strong>.<\/p>\n","protected":false},"excerpt":{"rendered":"La Dordogne, sa grotte de Lascaux, sa gastronomie gourmande et son mythe de Cyrano Bergerac. En provenance de&hellip;\n","protected":false},"author":2,"featured_media":16670,"comment_status":"","ping_status":"","sticky":false,"template":"","format":"standard","meta":{"footnotes":""},"categories":[4],"tags":[11,1011,27,12,25,62052,2215,5811],"class_list":{"0":"post-497962","1":"post","2":"type-post","3":"status-publish","4":"format-standard","5":"has-post-thumbnail","7":"category-france","8":"tag-actualites","9":"tag-fr","10":"tag-france","11":"tag-news","12":"tag-republique-francaise","13":"tag-ruralitu00e9","14":"tag-sncf","15":"tag-trains"},"share_on_mastodon":{"url":"https:\/\/pubeurope.com\/@fr\/115458233175576094","error":""},"_links":{"self":[{"href":"https:\/\/www.europesays.com\/fr\/wp-json\/wp\/v2\/posts\/497962","targetHints":{"allow":["GET"]}}],"collection":[{"href":"https:\/\/www.europesays.com\/fr\/wp-json\/wp\/v2\/posts"}],"about":[{"href":"https:\/\/www.europesays.com\/fr\/wp-json\/wp\/v2\/types\/post"}],"author":[{"embeddable":true,"href":"https:\/\/www.europesays.com\/fr\/wp-json\/wp\/v2\/users\/2"}],"replies":[{"embeddable":true,"href":"https:\/\/www.europesays.com\/fr\/wp-json\/wp\/v2\/comments?post=497962"}],"version-history":[{"count":0,"href":"https:\/\/www.europesays.com\/fr\/wp-json\/wp\/v2\/posts\/497962\/revisions"}],"wp:featuredmedia":[{"embeddable":true,"href":"https:\/\/www.europesays.com\/fr\/wp-json\/wp\/v2\/media\/16670"}],"wp:attachment":[{"href":"https:\/\/www.europesays.com\/fr\/wp-json\/wp\/v2\/media?parent=497962"}],"wp:term":[{"taxonomy":"category","embeddable":true,"href":"https:\/\/www.europesays.com\/fr\/wp-json\/wp\/v2\/categories?post=497962"},{"taxonomy":"post_tag","embeddable":true,"href":"https:\/\/www.europesays.com\/fr\/wp-json\/wp\/v2\/tags?post=497962"}],"curies":[{"name":"wp","href":"https:\/\/api.w.org\/{rel}","templated":true}]}}