{"id":497971,"date":"2025-10-29T15:53:15","date_gmt":"2025-10-29T15:53:15","guid":{"rendered":"https:\/\/www.europesays.com\/fr\/497971\/"},"modified":"2025-10-29T15:53:15","modified_gmt":"2025-10-29T15:53:15","slug":"israel-reve-daccueillir-un-jour-le-grand-depart","status":"publish","type":"post","link":"https:\/\/www.europesays.com\/fr\/497971\/","title":{"rendered":"Isra\u00ebl r\u00eave d\u2019accueillir un jour le grand d\u00e9part"},"content":{"rendered":"<p>\n    Organisateur du Giro en 2018, Isra\u00ebl garde en t\u00eate l\u2019id\u00e9e de recevoir les premi\u00e8res \u00e9tapes d\u2019une future \u00e9dition de la Grande Boucle. Un projet qui semble encore tr\u00e8s utopique \u00e0 l\u2019heure actuelle.<\/p>\n<p class=\"fig-paragraph\">\u00ab Je ne peux pas vous dire maintenant que nous allons postuler pour le d\u00e9part du Tour de France ou l\u2019organiser, mais on n\u2019arr\u00eate jamais de r\u00eaver.\u00bb Dans des propos relay\u00e9s par\u00a0<a href=\"https:\/\/www.lequipe.fr\/Cyclisme-sur-route\/Actualites\/Le-reve-israelien-d-un-grand-depart-du-tour-de-france-nous-avons-deja-amene-le-giro-ici-tout-est-possible\/1605244\" target=\"_blank\" rel=\"sponsored noopener\" data-gtm-custom-categorie=\"navigation\" data-gtm-custom-action=\"crossclick\" data-gtm-custom-label=\"Contextuel\" data-gtm-event=\"customEventSPE\">l\u2019\u00c9quipe<\/a>, la pr\u00e9sidente de la F\u00e9d\u00e9ration isra\u00e9lienne de cyclisme Dafna Lang r\u00e9fl\u00e9chit \u00e0 accueillir les coureurs de la Grande Boucle.<\/p>\n<p class=\"fig-paragraph\">\u00c0 l\u2019occasion du\u00a0<a href=\"https:\/\/www.lefigaro.fr\/sports\/cyclisme\/giro\/actualites\/le-tour-d-italie-2018-partira-de-jerusalem-876995\" target=\"_blank\" data-fig-type=\"Article\" rel=\"sponsored noopener\" data-gtm-custom-categorie=\"navigation\" data-gtm-custom-action=\"crossclick\" data-gtm-custom-label=\"Contextuel\" data-gtm-event=\"customEventSPE\" data-fig-domain=\"LEFIGARO\">Giro 2018,<\/a>\u00a0sous l\u2019impulsion du milliardaire isra\u00e9lo-canadien\u00a0<a href=\"https:\/\/video.lefigaro.fr\/figaro\/sports\/qui-est-sylvan-adams-le-milliardaire-a-lorigine-de-lequipe-de-cyclisme-israel-premier-tech-20250915\" target=\"_blank\" data-fig-type=\"Video\" rel=\"sponsored noopener\" data-gtm-custom-categorie=\"navigation\" data-gtm-custom-action=\"crossclick\" data-gtm-custom-label=\"Contextuel\" data-gtm-event=\"customEventSPE\" data-fig-domain=\"LEFIGARO\">Sylvan Adams<\/a>, l\u2019\u00c9tat H\u00e9breu \u00e9tait devenu le premier pays hors de l\u2019Union europ\u00e9enne \u00e0 organiser le d\u00e9part d\u2019un grand Tour. Trois \u00e9tapes avaient \u00e9t\u00e9 disput\u00e9es sur le territoire dont un contre-la-montre inaugural dans les rues de J\u00e9rusalem.<\/p>\n<p>                                    <a class=\"fig-a11y-skip a11y-hidden\" href=\"#fig-a11y-skip-main-inarticle\"><br \/>\n        Passer la publicit\u00e9<br \/>\n    <\/a><\/p>\n<p class=\"fig-paragraph\">Un sc\u00e9nario qui pourrait se r\u00e9p\u00e9ter lors d\u2019un prochain\u00a0<a href=\"http:\/\/www.lefigaro.fr\/sports\/cyclisme\/tour-de-france\/cols-pyreneens-rivages-du-lac-leman-alpe-d-huez-les-7-etapes-du-tour-de-france-2026-a-ne-pas-rater-20251023\" target=\"_blank\" data-fig-type=\"Article\" rel=\"sponsored noopener\" data-gtm-custom-categorie=\"navigation\" data-gtm-custom-action=\"crossclick\" data-gtm-custom-label=\"Contextuel\" data-gtm-event=\"customEventSPE\" data-fig-domain=\"LEFIGARO\">Tour de France\u00a0<\/a>\u00a0\u00abJe ne peux pas parler au nom de Sylvan Adams mais je crois qu\u2019une fois que nous aurons une paix stable, nous r\u00e9aliserons de nombreux projets au plus haut niveau en accueillant le monde. Nous avons d\u00e9j\u00e0 amen\u00e9 le Giro ici, tout est possible\u00bb, conclut Dafna Lang qui ajoute ne pas avoir parl\u00e9 d\u2019une potentielle candidature \u00e0 un grand d\u00e9part du Tour avec le pr\u00e9sident de l\u2019UCI\u00a0<a href=\"http:\/\/www.lefigaro.fr\/sports\/cyclisme\/tour-de-france\/david-lappartient-aucune-raison-objective-de-douter-de-la-performance-de-tadej-pogacar-20250707\" data-fig-type=\"Article\" data-gtm-custom-categorie=\"navigation\" data-gtm-custom-action=\"crossclick\" data-gtm-custom-label=\"Contextuel\" data-gtm-event=\"customEventSPE\" data-fig-domain=\"LEFIGARO\" target=\"_blank\" rel=\"noopener\">David Lappartient<\/a>.<\/p>\n<p>Un projet utopique\u00a0?<\/p>\n<p class=\"fig-paragraph\">Cependant, un cessez-le-feu durable entre Isra\u00ebl et le Hamas semble \u00eatre indispensable pour qu\u2019une \u00e9ventuelle d\u00e9marche isra\u00e9lienne soit prise en compte par l\u2019organisation de la Grande Boucle. L\u2019ann\u00e9e derni\u00e8re, le milliardaire isra\u00e9lo-canadien\u00a0<a href=\"http:\/\/www.lefigaro.fr\/sports\/cyclisme\/cyclisme-qui-est-sylvan-adams-le-milliardaire-a-l-origine-de-l-equipe-israel-premier-tech-20250915\" target=\"_blank\" data-fig-type=\"NewsFlash\" rel=\"sponsored noopener\" data-gtm-custom-categorie=\"navigation\" data-gtm-custom-action=\"crossclick\" data-gtm-custom-label=\"Contextuel\" data-gtm-event=\"customEventSPE\" data-fig-domain=\"LEFIGARO\">Sylvan Adams<\/a>\u00a0avait confi\u00e9 dans une interview pour La Voix s\u00e9pharade \u00eatre \u00aben discussion avec les organisateurs du Tour de France pour qu\u2019ils suivent l\u2019exemple du Giro, en amor\u00e7ant le d\u00e9but de cette course l\u00e9gendaire en Isra\u00ebl.\u00bb<\/p>\n<p class=\"fig-body-link\">\n            \u00c0 lire aussi<br \/>\n        <a class=\"fig-body-link__link\" href=\"http:\/\/www.lefigaro.fr\/sports\/cyclisme\/tour-de-france\/tour-de-france-2026-cols-chronos-denivele-sprints-tous-les-chiffres-d-une-tres-seduisante-113e-edition-20251023\" target=\"_blank\" data-fig-type=\"NewsFlash\" rel=\"sponsored noopener\" data-gtm-custom-categorie=\"navigation\" data-gtm-custom-action=\"crossclick\" data-gtm-custom-label=\"Contextuel\" data-gtm-event=\"customEventSPE\" data-fig-domain=\"LEFIGARO\"><\/p>\n<p>        Tour de France 2026\u00a0: cols, chronos, d\u00e9nivel\u00e9, sprints\u2026 tous les chiffres d\u2019une (tr\u00e8s) s\u00e9duisante 113e \u00e9dition<br \/>\n    <\/a>\n<\/p>\n<p class=\"fig-paragraph\">Pour l\u2019instant, m\u00eame si la Grande Boucle \u00e0 d\u00e9sormais l\u2019habitude de s\u2019\u00e9lancer depuis d\u2019autres pays, ce projet semble encore utopique du fait de la tr\u00e8s longue distance entre la France et Isra\u00ebl qui poserait des probl\u00e8mes de r\u00e9cup\u00e9ration et de logistiques \u00e9videntes aux coureurs du peloton ainsi que du contexte g\u00e9opolitique actuel.<\/p>\n<p>La concurrence est rude<\/p>\n<p class=\"fig-paragraph\">Les deux prochains grands d\u00e9parts sont d\u00e9j\u00e0 connus. Le parcours du Tour 2026, qui d\u00e9butera \u00e0 Barcelone, a \u00e9t\u00e9 d\u00e9voil\u00e9 il y a quelques jours et \u00c9dimbourg organisera la premi\u00e8re \u00e9tape de l\u2019\u00e9dition 2027 comme l\u2019avait officialis\u00e9\u00a0<a href=\"http:\/\/www.lefigaro.fr\/sports\/cyclisme\/tour-de-france\/tour-de-france-2027-un-triptyque-au-royaume-uni-pour-lancer-l-evenement-20250319\" target=\"_blank\" data-fig-type=\"NewsFlash\" rel=\"sponsored noopener\" data-gtm-custom-categorie=\"navigation\" data-gtm-custom-action=\"crossclick\" data-gtm-custom-label=\"Contextuel\" data-gtm-event=\"customEventSPE\" data-fig-domain=\"LEFIGARO\">Christian Prudhomme.\u00a0<\/a>Le Luxembourg, soutenu par les fr\u00e8res Andy et Fr\u00e4nk Schleck, s\u2019est pr\u00e9sent\u00e9 pour recevoir les trois premi\u00e8res \u00e9tapes de la Grande Boucle 2028 tandis que la Slov\u00e9nie r\u00eave aussi d\u2019accueillir le Tour et son champion Tadej Pogacar en 2029 ou 2031&#8230;. L\u2019Allemagne viserait de son c\u00f4t\u00e9 l\u2019\u00e9dition 2030 comme le r\u00e9v\u00e9lait le m\u00e9dia belge\u00a0<a href=\"https:\/\/www.lesoir.be\/692075\/article\/2025-08-07\/un-marche-important-vers-un-grand-depart-du-tour-de-france-2030-en-allemagne\" target=\"_blank\" rel=\"sponsored noopener\" data-gtm-custom-categorie=\"navigation\" data-gtm-custom-action=\"crossclick\" data-gtm-custom-label=\"Contextuel\" data-gtm-event=\"customEventSPE\">Le Soir.<\/a> \u00a0Isra\u00ebl n\u2019aurait donc pas d\u2019ouverture avant les cinq prochaines ann\u00e9es.<\/p>\n","protected":false},"excerpt":{"rendered":"Organisateur du Giro en 2018, Isra\u00ebl garde en t\u00eate l\u2019id\u00e9e de recevoir les premi\u00e8res \u00e9tapes d\u2019une future \u00e9dition&hellip;\n","protected":false},"author":2,"featured_media":497972,"comment_status":"","ping_status":"","sticky":false,"template":"","format":"standard","meta":{"footnotes":""},"categories":[1411],"tags":[3259,1154,207,1011,27,60],"class_list":{"0":"post-497971","1":"post","2":"type-post","3":"status-publish","4":"format-standard","5":"has-post-thumbnail","7":"category-cyclisme","8":"tag-conflit-israelo-palestinien","9":"tag-cycling","10":"tag-cyclisme","11":"tag-fr","12":"tag-france","13":"tag-sports"},"share_on_mastodon":{"url":"https:\/\/pubeurope.com\/@fr\/115458264592931920","error":""},"_links":{"self":[{"href":"https:\/\/www.europesays.com\/fr\/wp-json\/wp\/v2\/posts\/497971","targetHints":{"allow":["GET"]}}],"collection":[{"href":"https:\/\/www.europesays.com\/fr\/wp-json\/wp\/v2\/posts"}],"about":[{"href":"https:\/\/www.europesays.com\/fr\/wp-json\/wp\/v2\/types\/post"}],"author":[{"embeddable":true,"href":"https:\/\/www.europesays.com\/fr\/wp-json\/wp\/v2\/users\/2"}],"replies":[{"embeddable":true,"href":"https:\/\/www.europesays.com\/fr\/wp-json\/wp\/v2\/comments?post=497971"}],"version-history":[{"count":0,"href":"https:\/\/www.europesays.com\/fr\/wp-json\/wp\/v2\/posts\/497971\/revisions"}],"wp:featuredmedia":[{"embeddable":true,"href":"https:\/\/www.europesays.com\/fr\/wp-json\/wp\/v2\/media\/497972"}],"wp:attachment":[{"href":"https:\/\/www.europesays.com\/fr\/wp-json\/wp\/v2\/media?parent=497971"}],"wp:term":[{"taxonomy":"category","embeddable":true,"href":"https:\/\/www.europesays.com\/fr\/wp-json\/wp\/v2\/categories?post=497971"},{"taxonomy":"post_tag","embeddable":true,"href":"https:\/\/www.europesays.com\/fr\/wp-json\/wp\/v2\/tags?post=497971"}],"curies":[{"name":"wp","href":"https:\/\/api.w.org\/{rel}","templated":true}]}}