{"id":497981,"date":"2025-10-29T15:59:12","date_gmt":"2025-10-29T15:59:12","guid":{"rendered":"https:\/\/www.europesays.com\/fr\/497981\/"},"modified":"2025-10-29T15:59:12","modified_gmt":"2025-10-29T15:59:12","slug":"victime-de-grossophobie-nelly-furtado-met-sa-carriere-en-pause-je-midentifierai-toujours-comme-autrice-compositrice","status":"publish","type":"post","link":"https:\/\/www.europesays.com\/fr\/497981\/","title":{"rendered":"Victime de grossophobie, Nelly Furtado met sa carri\u00e8re en pause : \u00ab\u00a0Je m&rsquo;identifierai toujours comme autrice-compositrice\u00a0\u00bb"},"content":{"rendered":"<p class=\"ap-StoryElement ap-StoryElement--mb ap-StoryText\">Avec d&rsquo;autres ic\u00f4nes de cette \u00e9poque, elle a fait les beaux jours de la musique des ann\u00e9es 2000. Nelly Furtado fait partie des artistes dont on fredonnait les tubes il y a 25 ans, et dont on conna\u00eet encore les paroles aujourd&rsquo;hui. Bien que plus discr\u00e8te, la chanteuse n&rsquo;a jamais quitt\u00e9 la sc\u00e8ne. \u00c0 46 ans, elle continuait en effet d&rsquo;enflammer son public. Mais ce vendredi 24 octobre, elle a fait une importante annonce \u00e0 ses fans, via Instagram.<\/p>\n<p class=\"text-left ap-StoryElement ap-StoryElement--mb ap-StoryText\">Sous une photo d&rsquo;elle il y a 20 ans, Nelly Furtado \u00e9crit : \u00ab\u00a0J&rsquo;ai d\u00e9cid\u00e9 de m&rsquo;\u00e9loigner de la sc\u00e8ne dans un avenir proche et de poursuivre d&rsquo;autres projets cr\u00e9atifs et personnels qui me semblent mieux convenir \u00e0 cette prochaine phase de ma vie.\u00a0\u00bb Avec cette phrase, la chanteuse met fin \u00e0 deux d\u00e9cennies de sc\u00e8ne, pour d\u00e9sormais travailler dans l&rsquo;ombre. \u00ab\u00a0J&rsquo;ai \u00e9norm\u00e9ment appr\u00e9ci\u00e9 ma carri\u00e8re et j&rsquo;aime toujours autant composer de la musique, car j&rsquo;ai toujours consid\u00e9r\u00e9 cela comme un passe-temps que j&rsquo;ai eu la chance de transformer en m\u00e9tier. Je m&rsquo;identifierai toujours comme autrice-compositrice.\u00a0\u00bb Nelly Furtado a ensuite remerci\u00e9 ses fans et soutiens de longue date.<\/p>\n","protected":false},"excerpt":{"rendered":"Avec d&rsquo;autres ic\u00f4nes de cette \u00e9poque, elle a fait les beaux jours de la musique des ann\u00e9es 2000.&hellip;\n","protected":false},"author":2,"featured_media":497982,"comment_status":"","ping_status":"","sticky":false,"template":"","format":"standard","meta":{"footnotes":""},"categories":[1355],"tags":[62054,1282,58,59,1011,27,62055,1361,873,45690,7347],"class_list":{"0":"post-497981","1":"post","2":"type-post","3":"status-publish","4":"format-standard","5":"has-post-thumbnail","7":"category-musique","8":"tag-body-shaming","9":"tag-carriere","10":"tag-divertissement","11":"tag-entertainment","12":"tag-fr","13":"tag-france","14":"tag-harcekement","15":"tag-music","16":"tag-musique","17":"tag-nelly-furtado","18":"tag-scene"},"share_on_mastodon":{"url":"https:\/\/pubeurope.com\/@fr\/115458288149635527","error":""},"_links":{"self":[{"href":"https:\/\/www.europesays.com\/fr\/wp-json\/wp\/v2\/posts\/497981","targetHints":{"allow":["GET"]}}],"collection":[{"href":"https:\/\/www.europesays.com\/fr\/wp-json\/wp\/v2\/posts"}],"about":[{"href":"https:\/\/www.europesays.com\/fr\/wp-json\/wp\/v2\/types\/post"}],"author":[{"embeddable":true,"href":"https:\/\/www.europesays.com\/fr\/wp-json\/wp\/v2\/users\/2"}],"replies":[{"embeddable":true,"href":"https:\/\/www.europesays.com\/fr\/wp-json\/wp\/v2\/comments?post=497981"}],"version-history":[{"count":0,"href":"https:\/\/www.europesays.com\/fr\/wp-json\/wp\/v2\/posts\/497981\/revisions"}],"wp:featuredmedia":[{"embeddable":true,"href":"https:\/\/www.europesays.com\/fr\/wp-json\/wp\/v2\/media\/497982"}],"wp:attachment":[{"href":"https:\/\/www.europesays.com\/fr\/wp-json\/wp\/v2\/media?parent=497981"}],"wp:term":[{"taxonomy":"category","embeddable":true,"href":"https:\/\/www.europesays.com\/fr\/wp-json\/wp\/v2\/categories?post=497981"},{"taxonomy":"post_tag","embeddable":true,"href":"https:\/\/www.europesays.com\/fr\/wp-json\/wp\/v2\/tags?post=497981"}],"curies":[{"name":"wp","href":"https:\/\/api.w.org\/{rel}","templated":true}]}}