{"id":497996,"date":"2025-10-29T16:07:12","date_gmt":"2025-10-29T16:07:12","guid":{"rendered":"https:\/\/www.europesays.com\/fr\/497996\/"},"modified":"2025-10-29T16:07:12","modified_gmt":"2025-10-29T16:07:12","slug":"cette-sortie-de-rachida-dati-illustre-la-ferocite-de-la-campagne-pour-paris","status":"publish","type":"post","link":"https:\/\/www.europesays.com\/fr\/497996\/","title":{"rendered":"cette sortie de Rachida Dati illustre la f\u00e9rocit\u00e9 de la campagne pour Paris"},"content":{"rendered":"<p>        <img decoding=\"async\" loading=\"lazy\" src=\"https:\/\/www.europesays.com\/fr\/wp-content\/uploads\/2025\/10\/71f7a75_upload-1-2w4ectnqghho-afp-20251029-82d48rh-v1-highres-francepoliticsgovernmentcabinet.jpg\"  width=\"728\" height=\"409\" alt=\"Rachida Dati le 29\u00a0octobre 2025\u00a0\u00e0 l\u2019\u00c9lys\u00e9e.\"\/>  <\/p>\n<p>LUDOVIC MARIN \/ AFP<\/p>\n<p>Rachida Dati le 29\u00a0octobre 2025\u00a0\u00e0 l\u2019\u00c9lys\u00e9e.<\/p>\n<p class=\"asset asset-text\">POLITIQUE &#8211; La bataille pour la mairie de Paris est bel et bien lanc\u00e9e. Fid\u00e8le \u00e0 son franc-parler, Rachida Dati n\u2019a pas h\u00e9sit\u00e9, ce mercredi 29\u00a0octobre, \u00e0 charger violemment Gabriel Attal. En marge d\u2019un d\u00e9placement dans la capitale, la maire du VIIe arrondissement a \u00e9t\u00e9 interrog\u00e9e sur <a href=\"https:\/\/www.huffingtonpost.fr\/politique\/article\/municipales-2026-comment-la-bataille-de-paris-tourne-a-la-guerre-interne-chez-renaissance_256498.html\" target=\"_blank\" rel=\"noopener\">le choix du patron de Renaissance de soutenir l\u2019un de ses concurrents<\/a>, Pierre-Yves Bournazel.<\/p>\n<p class=\"asset asset-text\">Le parti pr\u00e9sidentiel a en effet annonc\u00e9 soutenir officiellement le candidat Horizons, la formation d\u2019\u00c9douard Philippe.\u00a0Un camouflet pour <a href=\"https:\/\/www.huffingtonpost.fr\/culture\/article\/cambriolage-du-louvre-dati-auditionnee-par-la-senat-admet-que-c-est-un-echec-pour-tout-le-monde_256516.html\" target=\"_blank\" rel=\"noopener\">Rachida Dati<\/a>, r\u00e9put\u00e9e proche d\u2019Emmanuel Macron et membre du gouvernement depuis janvier\u00a02024. Mais elle ne laisse rien transpara\u00eetre et pr\u00e9f\u00e8re, devant les cam\u00e9ras, se montrer offensive.<\/p>\n<p class=\"asset asset-text\">\u00ab\u00a0On tend la main \u00e0 tout le monde. Je n\u2019ai jamais contraint personne \u00e0 faire campagne avec moi\u00a0\u00bb, commence-t-elle par expliquer. Relanc\u00e9e sur le soutien apport\u00e9 par Gabriel Attal \u00e0 Pierre-Yves Bournazel, la ministre de la Culture ne retient pas les coups\u00a0: \u00ab\u00a0Ont-ils envie de gagner Paris\u00a0? De changer Paris\u00a0? C\u2019est le seul mot d\u2019ordre. J\u2019ai entendu Gabriel Attal dire qu\u2019il ne comprenait pas les d\u00e9cisions du Pr\u00e9sident. Je suis d\u2019accord avec lui\u00a0: je n\u2019ai pas compris pourquoi il a \u00e9t\u00e9 nomm\u00e9 Premier ministre\u00a0\u00bb.<\/p>\n<p class=\"asset asset-text\">Une attaque tr\u00e8s rude (et inhabituelle en public) qui en dit long sur l\u2019ambiance dans laquelle baigne actuellement le \u00ab\u00a0bloc central\u00a0\u00bb. Fractur\u00e9 de tous les c\u00f4t\u00e9s, incapable de se ranger derri\u00e8re un candidat commun et tiraill\u00e9 entre plusieurs lignes dans un contexte o\u00f9 les couteaux s\u2019aiguisent en vue de l\u2019\u00e9lection pr\u00e9sidentielle, le camp pr\u00e9sidentiel montre de nombreux signes de divisions.<\/p>\n<p>                     \u00ab\u00a0Attal doit tout \u00e0 Macron\u00a0\u00bb    <\/p>\n<p class=\"asset asset-text\">Quoiqu\u2019il en soit, le bras de fer entre <a href=\"https:\/\/www.huffingtonpost.fr\/politique\/article\/gabriel-attal-n-a-pas-oublie-cette-pique-attribuee-a-rachida-dati-sur-son-chien_241975.html\" target=\"_blank\" rel=\"noopener\">Gabriel Attal et Rachida Dati<\/a> vient envenimer la campagne des municipales. \u00ab\u00a0Il faudra qu\u2019il s\u2019explique devant les Parisiens\u00a0: pourquoi il\u00a0s\u2019allie \u00e0 quelqu\u2019un qui appelle \u00e0 la d\u00e9mission du Pr\u00e9sident, qui est dans l\u2019opposition au Pr\u00e9sident\u00a0? Gabriel Attal doit tout \u00e0 Emmanuel Macron\u00a0\u00bb, pointe la candidate \u00e0 la mairie de Paris, en r\u00e9f\u00e9rence aux multiples appels lanc\u00e9s par \u00c9douard Philippe au d\u00e9part du chef de l\u2019\u00c9tat.<\/p>\n<p class=\"asset asset-text\">Aller jusqu\u2019\u00e0 classer Horizons comme \u00e9tant \u00ab\u00a0dans l\u2019opposition au Pr\u00e9sident\u00a0\u00bb est en revanche plus que discutable. Aucun d\u00e9put\u00e9 du groupe pr\u00e9sid\u00e9 par Paul Christophe n\u2019a vot\u00e9 la censure du gouvernement Lecornu et continue de s\u2019inscrire pleinement dans la coalition gouvernementale.<\/p>\n<p class=\"asset asset-text\">Ce n\u2019est pas la premi\u00e8re fois qu\u2019un gros d\u00e9saccord oppose Gabriel Attal et Rachida Dati. En mars\u00a02024, apprenant que son budget risquait d\u2019\u00eatre touch\u00e9 par les\u00a0restrictions budg\u00e9taires, la ministre de la Culture avait lanc\u00e9 \u00e0 celui qui \u00e9tait alors chef du gouvernement\u00a0:\u00a0\u00ab\u00a0Je vais transformer ton chien en kebab\u00a0\u00bb. \u00ab\u00a0Vous avez s\u00fbrement vu dans la presse certains voulaient s\u2019en prendre \u00e0 mon chien \u00e0 cause de \u00e7a\u00a0\u00bb, avait rebondi quelques semaines plus tard Gabriel Attal, visiblement marqu\u00e9 par l\u2019\u00e9pisode. Le divorce semble cette fois \u00eatre bien act\u00e9.<\/p>\n","protected":false},"excerpt":{"rendered":"LUDOVIC MARIN \/ AFP Rachida Dati le 29\u00a0octobre 2025\u00a0\u00e0 l\u2019\u00c9lys\u00e9e. POLITIQUE &#8211; La bataille pour la mairie de&hellip;\n","protected":false},"author":2,"featured_media":497997,"comment_status":"","ping_status":"","sticky":false,"template":"","format":"standard","meta":{"footnotes":""},"categories":[4],"tags":[11,1011,27,3434,12,626,316,417,25],"class_list":{"0":"post-497996","1":"post","2":"type-post","3":"status-publish","4":"format-standard","5":"has-post-thumbnail","7":"category-france","8":"tag-actualites","9":"tag-fr","10":"tag-france","11":"tag-municipales-2026","12":"tag-news","13":"tag-paris","14":"tag-politique","15":"tag-rachida-dati","16":"tag-republique-francaise"},"share_on_mastodon":{"url":"https:\/\/pubeurope.com\/@fr\/115458320267775223","error":""},"_links":{"self":[{"href":"https:\/\/www.europesays.com\/fr\/wp-json\/wp\/v2\/posts\/497996","targetHints":{"allow":["GET"]}}],"collection":[{"href":"https:\/\/www.europesays.com\/fr\/wp-json\/wp\/v2\/posts"}],"about":[{"href":"https:\/\/www.europesays.com\/fr\/wp-json\/wp\/v2\/types\/post"}],"author":[{"embeddable":true,"href":"https:\/\/www.europesays.com\/fr\/wp-json\/wp\/v2\/users\/2"}],"replies":[{"embeddable":true,"href":"https:\/\/www.europesays.com\/fr\/wp-json\/wp\/v2\/comments?post=497996"}],"version-history":[{"count":0,"href":"https:\/\/www.europesays.com\/fr\/wp-json\/wp\/v2\/posts\/497996\/revisions"}],"wp:featuredmedia":[{"embeddable":true,"href":"https:\/\/www.europesays.com\/fr\/wp-json\/wp\/v2\/media\/497997"}],"wp:attachment":[{"href":"https:\/\/www.europesays.com\/fr\/wp-json\/wp\/v2\/media?parent=497996"}],"wp:term":[{"taxonomy":"category","embeddable":true,"href":"https:\/\/www.europesays.com\/fr\/wp-json\/wp\/v2\/categories?post=497996"},{"taxonomy":"post_tag","embeddable":true,"href":"https:\/\/www.europesays.com\/fr\/wp-json\/wp\/v2\/tags?post=497996"}],"curies":[{"name":"wp","href":"https:\/\/api.w.org\/{rel}","templated":true}]}}