{"id":498000,"date":"2025-10-29T16:09:11","date_gmt":"2025-10-29T16:09:11","guid":{"rendered":"https:\/\/www.europesays.com\/fr\/498000\/"},"modified":"2025-10-29T16:09:11","modified_gmt":"2025-10-29T16:09:11","slug":"saint-etienne-burger-king-annonce-sa-date-douverture-et-se-moque-de-mcdonalds","status":"publish","type":"post","link":"https:\/\/www.europesays.com\/fr\/498000\/","title":{"rendered":"Saint-\u00c9tienne : Burger King annonce sa date d&rsquo;ouverture\u2026 et se moque de McDonald&rsquo;s"},"content":{"rendered":"<p>Annonc\u00e9e place du Peuple, le nouveau Burger King de Saint-\u00c9tienne ouvrira le 27 novembre 2025. Une ouverture d\u00e9voil\u00e9e avec humour par l&rsquo;enseigne am\u00e9ricaine de fast-food.<\/p>\n<p>La guerre se poursuit entre les deux plus grandes marques de fast-food am\u00e9ricaines. Si on savait que le troisi\u00e8me <b>Burger King<\/b> de Saint-\u00c9tienne allait s&rsquo;installer place du Peuple, on ne connaissait pas encore sa date d&rsquo;ouverture.<\/p>\n<p>Burger King ouvrira le 27 novembre<\/p>\n<p>Depuis ce mercredi 29 octobre, c&rsquo;est chose faite et avec un peu d&rsquo;humour. Sur une affiche install\u00e9e ce jour m\u00eame, Burger King annonce le jour de son ouverture : <b>le 27 novembre 2025<\/b>.<\/p>\n<p>L&rsquo;enseigne s&rsquo;installe dans le b\u00e2timent autrefois occup\u00e9 par son concurrent <b>McDonald&rsquo;s<\/b> entre 1980 et 2003. Une anecdote sur laquelle Burger King se permet de taquiner le clown : \u00ab\u00a0Non, tout n&rsquo;\u00e9tait pas mieux avant\u00a0\u00bb.<\/p>\n<p>Pour rappel, McDonald&rsquo;s poss\u00e8de deux restaurants \u00e0 Saint-\u00c9tienne : le premier est install\u00e9 au centre commercial Centre Deux et le deuxi\u00e8me \u00e0 Ch\u00e2teaucreux.<\/p>\n<p><img loading=\"lazy\" decoding=\"async\" src=\"https:\/\/www.europesays.com\/fr\/wp-content\/uploads\/2025\/10\/1761754151_624_img\" width=\"350\" height=\"200\" border=\"0\" title=\"ASSE-Pau \u00c3\u00a9tait le 2e match \u00c3\u00a0 guichets ferm\u00c3\u00a9s de la saison.\"\/><\/p>\n<p>\u25baFootball<\/p>\n<p style=\"font-size: 22px;\"><b>ASSE &#8211; Pau (6-0) : victoire \u00e9crasante pour les Verts !\u00a0<\/b><\/p>\n<p>Les Verts jouaient ce mardi 28 octobre contre Pau&#8230;<\/p>\n<p><\/p>\n","protected":false},"excerpt":{"rendered":"Annonc\u00e9e place du Peuple, le nouveau Burger King de Saint-\u00c9tienne ouvrira le 27 novembre 2025. Une ouverture d\u00e9voil\u00e9e&hellip;\n","protected":false},"author":2,"featured_media":498001,"comment_status":"","ping_status":"","sticky":false,"template":"","format":"standard","meta":{"footnotes":""},"categories":[9653],"tags":[1111,11,2430,16504,21039,1777,674,16827,1011,27,679,12,25,9920,4001],"class_list":{"0":"post-498000","1":"post","2":"type-post","3":"status-publish","4":"format-standard","5":"has-post-thumbnail","7":"category-saint-etienne","8":"tag-actu","9":"tag-actualites","10":"tag-auvergne-rhone-alpes","11":"tag-burger","12":"tag-burger-king","13":"tag-eu","14":"tag-europe","15":"tag-fast-food","16":"tag-fr","17":"tag-france","18":"tag-mcdonalds","19":"tag-news","20":"tag-republique-francaise","21":"tag-saint-tienne","22":"tag-saint-etienne"},"share_on_mastodon":{"url":"https:\/\/pubeurope.com\/@fr\/115458328284671255","error":""},"_links":{"self":[{"href":"https:\/\/www.europesays.com\/fr\/wp-json\/wp\/v2\/posts\/498000","targetHints":{"allow":["GET"]}}],"collection":[{"href":"https:\/\/www.europesays.com\/fr\/wp-json\/wp\/v2\/posts"}],"about":[{"href":"https:\/\/www.europesays.com\/fr\/wp-json\/wp\/v2\/types\/post"}],"author":[{"embeddable":true,"href":"https:\/\/www.europesays.com\/fr\/wp-json\/wp\/v2\/users\/2"}],"replies":[{"embeddable":true,"href":"https:\/\/www.europesays.com\/fr\/wp-json\/wp\/v2\/comments?post=498000"}],"version-history":[{"count":0,"href":"https:\/\/www.europesays.com\/fr\/wp-json\/wp\/v2\/posts\/498000\/revisions"}],"wp:featuredmedia":[{"embeddable":true,"href":"https:\/\/www.europesays.com\/fr\/wp-json\/wp\/v2\/media\/498001"}],"wp:attachment":[{"href":"https:\/\/www.europesays.com\/fr\/wp-json\/wp\/v2\/media?parent=498000"}],"wp:term":[{"taxonomy":"category","embeddable":true,"href":"https:\/\/www.europesays.com\/fr\/wp-json\/wp\/v2\/categories?post=498000"},{"taxonomy":"post_tag","embeddable":true,"href":"https:\/\/www.europesays.com\/fr\/wp-json\/wp\/v2\/tags?post=498000"}],"curies":[{"name":"wp","href":"https:\/\/api.w.org\/{rel}","templated":true}]}}