{"id":498006,"date":"2025-10-29T16:12:27","date_gmt":"2025-10-29T16:12:27","guid":{"rendered":"https:\/\/www.europesays.com\/fr\/498006\/"},"modified":"2025-10-29T16:12:27","modified_gmt":"2025-10-29T16:12:27","slug":"pres-de-nancy-ces-bretelles-frequentees-de-la31-seront-fermees-plusieurs-soirs-voici-le-detail","status":"publish","type":"post","link":"https:\/\/www.europesays.com\/fr\/498006\/","title":{"rendered":"Pr\u00e8s de Nancy, ces bretelles fr\u00e9quent\u00e9es de l&rsquo;A31 seront ferm\u00e9es plusieurs soirs : voici le d\u00e9tail"},"content":{"rendered":"<p>            Par<br \/>\n        <strong><br \/>\n            <a href=\"https:\/\/actu.fr\/auteur\/redaction-lorraine\" title=\"Consulter tous les articles de R\u00e9daction Lorraine\" target=\"_blank\" rel=\"noopener\">R\u00e9daction Lorraine<\/a><br \/>\n        <\/strong><\/p>\n<p>        Publi\u00e9 le<\/p>\n<p>            29 oct. 2025 \u00e0 16h27        <\/p>\n<p>Les\u00a0<a href=\"https:\/\/actu.fr\/tag\/travaux\" target=\"_blank\" rel=\"noopener\">travaux<\/a> pour la <strong>r\u00e9novation d\u2019un panneau<\/strong> \u00e0 messages variables \u00e0 hauteur de Max\u00e9ville entra\u00eeneront des perturbations <strong>de nuit <\/strong>sur l\u2019A31. La <a href=\"https:\/\/actu.fr\/tag\/circulation\" target=\"_blank\" rel=\"noopener\">circulation<\/a> sera impact\u00e9e. On vous \u00e9claire sur les fermetures de bretelles et les d\u00e9viations mises en place.<\/p>\n<p>Des bretelles ferm\u00e9es durant la nuit<\/p>\n<p class=\" wall-content\">Sur l\u2019A31 \u00e0 hauteur de Max\u00e9ville, durant <strong>les nuits du 29 au 31\u00a0octobre<\/strong>, ces travaux entra\u00eeneront\u2009:<\/p>\n<ul class=\" wall-content\">\n<li>La <strong>coupure de l\u2019A31 dans le sens Metz-Toul<\/strong> avec sortie obligatoire au niveau du diffuseur n\u00b023, sortie Malz\u00e9ville.<\/li>\n<li>La <strong>fermeture de la bretelle d\u2019acc\u00e8s de Bouxi\u00e8res-aux- Dames vers Toul<\/strong> au diffuseur n\u00b023, <strong>de 21h \u00e0 6h<\/strong>.<\/li>\n<li>La <strong>fermeture de la bretelle d\u2019acc\u00e8s de Frouard vers Toul<\/strong> au diffuseur n\u00b022, <strong>de 21h \u00e0 6h<\/strong> \u00e9galement.\n<\/li>\n<\/ul>\n<p><strong>Des d\u00e9viations mises en place pour les usagers<\/strong><\/p>\n<p class=\" wall-content\">La DIR Est mettra en place des d\u00e9viations pour les usagers durant la fermeture des bretelles et la coupure de l\u2019A31\u2009:<\/p>\n<p class=\" wall-content\">\u00ab\u2009Les usagers en <strong>desserte locale sur l\u2019A31<\/strong> seront invit\u00e9s \u00e0 emprunter les itin\u00e9raires de substitution <strong>S68 puis S8 pour retrouver l\u2019A31<\/strong> au niveau de l\u2019\u00e9changeur A31\/A33 (Laxou).<br \/>Pour les <strong>usagers en transit<\/strong>, en direction de Toul, sera par ailleurs activ\u00e9e <strong>la d\u00e9viation grande maille S2<\/strong> du plan de gestion du trafic PGT du Sillon Lorrain\u2009; les <strong>usagers du sens Metz \u2013 Toul<\/strong> seront invit\u00e9s \u00e0<strong> sortir au diffuseur n\u00b025 de Belleville<\/strong> pour emprunter successivement la <strong>RD657, la RD611 en direction de Dieulouard<\/strong> et poursuivre sur la <strong>RD611 jusqu\u2019\u00e0 Dommartin-l\u00e8s-Toul<\/strong> pour retrouver l\u2019<strong>A31 \u00e0 hauteur de Toul<\/strong>.\u2009\u00bb<\/p>\n<p class=\" wall-content\"><strong>Par Elyse Jacquemart<\/strong><\/p>\n<p class=\" wall-content\">Personnalisez votre actualit\u00e9 en ajoutant vos villes et m\u00e9dias en favori avec <a href=\"https:\/\/moncompte.actu.fr\" title=\"D\u00e9couvez Mon Actu\" rel=\"nofollow noopener\" data-trk=\"{&quot;cta&quot;:{&quot;action&quot;:&quot;https:\\\/\\\/moncompte.actu.fr&quot;,&quot;category&quot;:&quot;mon compte&quot;,&quot;from&quot;:&quot;article footer&quot;,&quot;name&quot;:&quot;Mon actu&quot;,&quot;type&quot;:&quot;cta&quot;}}\" target=\"_blank\">Mon Actu<\/a>.<\/p>\n","protected":false},"excerpt":{"rendered":"Par R\u00e9daction Lorraine Publi\u00e9 le 29 oct. 2025 \u00e0 16h27 Les\u00a0travaux pour la r\u00e9novation d\u2019un panneau \u00e0 messages&hellip;\n","protected":false},"author":2,"featured_media":498007,"comment_status":"","ping_status":"","sticky":false,"template":"","format":"standard","meta":{"footnotes":""},"categories":[9635],"tags":[1111,11,13404,3542,1777,674,1011,27,775,1702,12,25,104,2086],"class_list":{"0":"post-498006","1":"post","2":"type-post","3":"status-publish","4":"format-standard","5":"has-post-thumbnail","7":"category-nancy","8":"tag-actu","9":"tag-actualites","10":"tag-autoroute-31-a31","11":"tag-circulation","12":"tag-eu","13":"tag-europe","14":"tag-fr","15":"tag-france","16":"tag-grand-est","17":"tag-nancy","18":"tag-news","19":"tag-republique-francaise","20":"tag-societe","21":"tag-travaux"},"share_on_mastodon":{"url":"https:\/\/pubeurope.com\/@fr\/115458339309091594","error":""},"_links":{"self":[{"href":"https:\/\/www.europesays.com\/fr\/wp-json\/wp\/v2\/posts\/498006","targetHints":{"allow":["GET"]}}],"collection":[{"href":"https:\/\/www.europesays.com\/fr\/wp-json\/wp\/v2\/posts"}],"about":[{"href":"https:\/\/www.europesays.com\/fr\/wp-json\/wp\/v2\/types\/post"}],"author":[{"embeddable":true,"href":"https:\/\/www.europesays.com\/fr\/wp-json\/wp\/v2\/users\/2"}],"replies":[{"embeddable":true,"href":"https:\/\/www.europesays.com\/fr\/wp-json\/wp\/v2\/comments?post=498006"}],"version-history":[{"count":0,"href":"https:\/\/www.europesays.com\/fr\/wp-json\/wp\/v2\/posts\/498006\/revisions"}],"wp:featuredmedia":[{"embeddable":true,"href":"https:\/\/www.europesays.com\/fr\/wp-json\/wp\/v2\/media\/498007"}],"wp:attachment":[{"href":"https:\/\/www.europesays.com\/fr\/wp-json\/wp\/v2\/media?parent=498006"}],"wp:term":[{"taxonomy":"category","embeddable":true,"href":"https:\/\/www.europesays.com\/fr\/wp-json\/wp\/v2\/categories?post=498006"},{"taxonomy":"post_tag","embeddable":true,"href":"https:\/\/www.europesays.com\/fr\/wp-json\/wp\/v2\/tags?post=498006"}],"curies":[{"name":"wp","href":"https:\/\/api.w.org\/{rel}","templated":true}]}}