{"id":498015,"date":"2025-10-29T16:18:11","date_gmt":"2025-10-29T16:18:11","guid":{"rendered":"https:\/\/www.europesays.com\/fr\/498015\/"},"modified":"2025-10-29T16:18:11","modified_gmt":"2025-10-29T16:18:11","slug":"qui-veut-stocker-des-bouchons-une-association-daide-aux-handicapes-cherche-un-entrepot-pres-de-caen","status":"publish","type":"post","link":"https:\/\/www.europesays.com\/fr\/498015\/","title":{"rendered":"\u00ab Qui veut stocker des bouchons ? \u00bb : une association d\u2019aide aux handicap\u00e9s cherche un entrep\u00f4t pr\u00e8s de Caen"},"content":{"rendered":"<p class=\"paragraph text_align_left lp-f-body-02\">Il y a urgence pour \u00e9viter le go\u00fbt de bouchon. <a href=\"https:\/\/www.leparisien.fr\/seine-maritime-76\/il-suffit-de-tirer-ou-tourner-le-bouchon-en-normandie-la-collecte-vise-le-million-deuros-pour-2025-03-03-2025-ZGKQ7AL4MRCNPKLFHZPLM4AT2I.php \" target=\"_self\" rel=\"noopener\">L\u2019association normande Bouchons 276 <\/a>cherche tous azimuts un d\u00e9p\u00f4t d\u2019environ 100 m2 dans l\u2019agglom\u00e9ration de Caen (Calvados) pour stocker 12 \u00e0 13 tonnes de bouchons de bouteilles en plastique ! \u00ab On aide financi\u00e8rement des personnes en situation de handicap gr\u00e2ce \u00e0 l\u2019argent r\u00e9colt\u00e9 par le recyclage de ces bouchons et couvercles \u00bb, pr\u00e9cise Dab Delaporte, le pr\u00e9sident fondateur.<\/p>\n<p class=\"paragraph text_align_left lp-f-body-02\">Depuis 2003, l\u2019association, joignable en \u00e9crivant \u00e0 <a href=\"https:\/\/www.leparisien.fr\/calvados-14\/mailto:communication@bouchons276.com\" rel=\"noopener\" target=\"_blank\">communication@bouchons276.com<\/a>, a ainsi aid\u00e9 un millier de Normands pour environ 960 000 euros. Elle contribue le plus souvent \u00e0 des am\u00e9nagements de salle de bain et de voitures, s\u2019acquittant de la moiti\u00e9 du reste \u00e0 charge, jusqu\u2019\u00e0 2000 euros. \u00ab Nous finan\u00e7ons aussi des formations de chiens pour mal-voyants ou des sessions d\u2019\u00e9quith\u00e9rapie \u00bb, illustre encore Dab Delaporte.<\/p>\n<p class=\"paragraph text_align_left lp-f-body-02\">D\u00e9j\u00e0 bien implant\u00e9e dans l\u2019ancienne Haute-Normandie, avec des d\u00e9p\u00f4ts \u00e0 Rouen, au Havre, \u00e0 \u00c9vreux ou encore Bernay, Bouchons 276 a grand besoin d\u2019un point de chute \u00e0 Caen ou dans les alentours. \u00ab Nous avons 550 points de collecte grand public dans la r\u00e9gion, rappelle l\u2019association. Prenons des mairies. On leur demande de nous apporter leurs bouchons. Quand elles sont proches d\u2019un d\u00e9p\u00f4t, elles acceptent. Mais, on peut le comprendre, on ne peut pas demander \u00e0 une ville de l\u2019agglom\u00e9ration caennaise d\u2019aller jusqu\u2019\u00e0 Rouen ou au Havre. \u00bb <\/p>\n<p>Le r\u00e9flexe bouchon s\u2019est \u00e9mouss\u00e9 chez les particuliers<\/p>\n<p class=\"paragraph text_align_left lp-f-body-02\">Malgr\u00e9 \u00ab des demandes de particuliers calvadosiens \u00bb, l\u2019association doit faire l\u2019impasse sur un fort potentiel de bouchons au sens tr\u00e8s large : bouchons de boissons, bouchons de produits hygi\u00e9niques ou m\u00e9nagers, bouchons de stylos, couvercles divers et vari\u00e9s. Et ce n\u2019est pas le moment : depuis une loi europ\u00e9enne de 2024, les bouchons de bouteilles \u00e0 usage unique doivent \u00eatre solidaires de leur contenant. Une disposition qui engendre une forte baisse de la collecte (76 tonnes cette ann\u00e9e contre 200 tonnes les plus belles ann\u00e9es). <\/p>\n<p class=\"paragraph text_align_left lp-f-body-02\">\u00c0 cela s\u2019ajoute un r\u00e9flexe en baisse chez les gens. L\u2019association a d\u2019autant plus besoin de retrouver des volumes, sachant qu\u2019elle gagne environ 300 euros par tonne aupr\u00e8s de son recycleur. Dans ces conditions, l\u2019agglom\u00e9ration caennaise est un enjeu strat\u00e9gique. Malgr\u00e9 quelques contacts, Bouchons 276, comme ses homologues <a href=\"https:\/\/www.leparisien.fr\/loiret-45\/les-benevoles-des-bouchons-damour-45-recherchent-durgence-un-nouveau-local-20-03-2023-7KALEYGAKRE5PJWYH3Q66FGL54.php\" target=\"_self\" rel=\"noopener\">dans d\u2019autres d\u00e9partements<\/a>, cherche en vain depuis plusieurs ann\u00e9es un hangar capable de stocker ces fameuses 12 \u00e0 13 tonnes gratuitement, afin de ne pas rogner sur son budget aides (l\u2019association est \u00e0 100 % b\u00e9n\u00e9vole). Elle sollicite collectivit\u00e9s et entreprises, qui peuvent prendre contact sans attendre. En attendant la fum\u00e9e blanche, les particuliers sont de leur c\u00f4t\u00e9 invit\u00e9s \u00e0 (re)prendre le r\u00e9flexe bouchons, pour la bonne cause. <\/p>\n","protected":false},"excerpt":{"rendered":"Il y a urgence pour \u00e9viter le go\u00fbt de bouchon. L\u2019association normande Bouchons 276 cherche tous azimuts un&hellip;\n","protected":false},"author":2,"featured_media":498016,"comment_status":"","ping_status":"","sticky":false,"template":"","format":"standard","meta":{"footnotes":""},"categories":[9587],"tags":[1111,917,11,5763,459,1777,674,1011,27,12,5161,25,9590,104],"class_list":{"0":"post-498015","1":"post","2":"type-post","3":"status-publish","4":"format-standard","5":"has-post-thumbnail","7":"category-rouen","8":"tag-actu","9":"tag-actu-locale","10":"tag-actualites","11":"tag-calvados-14","12":"tag-departements-horsidfo","13":"tag-eu","14":"tag-europe","15":"tag-fr","16":"tag-france","17":"tag-news","18":"tag-normandie","19":"tag-republique-francaise","20":"tag-rouen","21":"tag-societe"},"share_on_mastodon":{"url":"https:\/\/pubeurope.com\/@fr\/115458362854049330","error":""},"_links":{"self":[{"href":"https:\/\/www.europesays.com\/fr\/wp-json\/wp\/v2\/posts\/498015","targetHints":{"allow":["GET"]}}],"collection":[{"href":"https:\/\/www.europesays.com\/fr\/wp-json\/wp\/v2\/posts"}],"about":[{"href":"https:\/\/www.europesays.com\/fr\/wp-json\/wp\/v2\/types\/post"}],"author":[{"embeddable":true,"href":"https:\/\/www.europesays.com\/fr\/wp-json\/wp\/v2\/users\/2"}],"replies":[{"embeddable":true,"href":"https:\/\/www.europesays.com\/fr\/wp-json\/wp\/v2\/comments?post=498015"}],"version-history":[{"count":0,"href":"https:\/\/www.europesays.com\/fr\/wp-json\/wp\/v2\/posts\/498015\/revisions"}],"wp:featuredmedia":[{"embeddable":true,"href":"https:\/\/www.europesays.com\/fr\/wp-json\/wp\/v2\/media\/498016"}],"wp:attachment":[{"href":"https:\/\/www.europesays.com\/fr\/wp-json\/wp\/v2\/media?parent=498015"}],"wp:term":[{"taxonomy":"category","embeddable":true,"href":"https:\/\/www.europesays.com\/fr\/wp-json\/wp\/v2\/categories?post=498015"},{"taxonomy":"post_tag","embeddable":true,"href":"https:\/\/www.europesays.com\/fr\/wp-json\/wp\/v2\/tags?post=498015"}],"curies":[{"name":"wp","href":"https:\/\/api.w.org\/{rel}","templated":true}]}}