{"id":498023,"date":"2025-10-29T16:23:10","date_gmt":"2025-10-29T16:23:10","guid":{"rendered":"https:\/\/www.europesays.com\/fr\/498023\/"},"modified":"2025-10-29T16:23:10","modified_gmt":"2025-10-29T16:23:10","slug":"pourquoi-la-ligne-b-du-metro-de-rennes-sera-perturbee-ce-dimanche-2-novembre","status":"publish","type":"post","link":"https:\/\/www.europesays.com\/fr\/498023\/","title":{"rendered":"Pourquoi la ligne B du m\u00e9tro de Rennes sera perturb\u00e9e ce dimanche 2\u00a0novembre"},"content":{"rendered":"<p>Cette fois, il ne s\u2019agira pas d\u2019<a href=\"https:\/\/www.letelegramme.fr\/ille-et-vilaine\/rennes-35000\/panne-geante-sur-la-ligne-b-du-metro-de-rennes-le-trafic-completement-interrompu-6912164.php\" target=\"_blank\" rel=\"noopener\">une panne<\/a>. Ce dimanche 2 novembre 2025, des travaux seront r\u00e9alis\u00e9s sur le viaduc du m\u00e9tro B \u00e0 Rennes. \u00ab \u00c0 cette occasion, la circulation du m\u00e9tro sera limit\u00e9e \u00e0 une partie de la ligne \u00bb, indique le Star dans un communiqu\u00e9 ce mercredi.<\/p>\n<p>Des bus relais mis en place<\/p>\n<p>Cons\u00e9quence : aucune rame ne circulera sur la partie de la ligne desservie par le viaduc, entre la station Joliot-Curie et le terminus ViaSilva. \u00c0 la place, des bus relais assureront le service sur toute la plage d\u2019ouverture du m\u00e9tro, de 7 h 15 \u00e0 0 h 20. Ils passeront toutes les dix minutes entre midi et 21 h, contre une fr\u00e9quence de 15 minutes en dehors de ces horaires.<\/p>\n<p>Le service continuera en revanche d\u2019\u00eatre assur\u00e9 normalement entre Ga\u00eet\u00e9 et Joliot-Curie. Autre changement \u00e0 garder en t\u00eate : le parc relais Cesson-Viasilva sera ferm\u00e9 exceptionnellement. Celui des Gayeulles, en revanche, d\u2019ordinaire ferm\u00e9 le dimanche, sera quant \u00e0 lui ouvert, pr\u00e9cise le Star.<\/p>\n","protected":false},"excerpt":{"rendered":"Cette fois, il ne s\u2019agira pas d\u2019une panne. Ce dimanche 2 novembre 2025, des travaux seront r\u00e9alis\u00e9s sur&hellip;\n","protected":false},"author":2,"featured_media":498024,"comment_status":"","ping_status":"","sticky":false,"template":"","format":"standard","meta":{"footnotes":""},"categories":[2821],"tags":[1111,11,829,21017,1777,674,1011,27,848,4047,12,584,25,28340],"class_list":{"0":"post-498023","1":"post","2":"type-post","3":"status-publish","4":"format-standard","5":"has-post-thumbnail","7":"category-rennes","8":"tag-actu","9":"tag-actualites","10":"tag-bretagne","11":"tag-deplacements-a-rennes","12":"tag-eu","13":"tag-europe","14":"tag-fr","15":"tag-france","16":"tag-ille-et-vilaine","17":"tag-metro","18":"tag-news","19":"tag-rennes","20":"tag-republique-francaise","21":"tag-transports-urbains"},"share_on_mastodon":{"url":"https:\/\/pubeurope.com\/@fr\/115458382479614823","error":""},"_links":{"self":[{"href":"https:\/\/www.europesays.com\/fr\/wp-json\/wp\/v2\/posts\/498023","targetHints":{"allow":["GET"]}}],"collection":[{"href":"https:\/\/www.europesays.com\/fr\/wp-json\/wp\/v2\/posts"}],"about":[{"href":"https:\/\/www.europesays.com\/fr\/wp-json\/wp\/v2\/types\/post"}],"author":[{"embeddable":true,"href":"https:\/\/www.europesays.com\/fr\/wp-json\/wp\/v2\/users\/2"}],"replies":[{"embeddable":true,"href":"https:\/\/www.europesays.com\/fr\/wp-json\/wp\/v2\/comments?post=498023"}],"version-history":[{"count":0,"href":"https:\/\/www.europesays.com\/fr\/wp-json\/wp\/v2\/posts\/498023\/revisions"}],"wp:featuredmedia":[{"embeddable":true,"href":"https:\/\/www.europesays.com\/fr\/wp-json\/wp\/v2\/media\/498024"}],"wp:attachment":[{"href":"https:\/\/www.europesays.com\/fr\/wp-json\/wp\/v2\/media?parent=498023"}],"wp:term":[{"taxonomy":"category","embeddable":true,"href":"https:\/\/www.europesays.com\/fr\/wp-json\/wp\/v2\/categories?post=498023"},{"taxonomy":"post_tag","embeddable":true,"href":"https:\/\/www.europesays.com\/fr\/wp-json\/wp\/v2\/tags?post=498023"}],"curies":[{"name":"wp","href":"https:\/\/api.w.org\/{rel}","templated":true}]}}