{"id":498025,"date":"2025-10-29T16:24:15","date_gmt":"2025-10-29T16:24:15","guid":{"rendered":"https:\/\/www.europesays.com\/fr\/498025\/"},"modified":"2025-10-29T16:24:15","modified_gmt":"2025-10-29T16:24:15","slug":"a-rennes-il-refuse-dobtemperer-et-blesse-un-cycliste-en-fuyant","status":"publish","type":"post","link":"https:\/\/www.europesays.com\/fr\/498025\/","title":{"rendered":"\u00c0 Rennes, il refuse d\u2019obtemp\u00e9rer et blesse un cycliste en fuyant"},"content":{"rendered":"<p>Ce mardi 28 octobre, vers 11 h 30, un automobiliste de 19 ans a refus\u00e9 d\u2019obtemp\u00e9rer \u00e0 un contr\u00f4le de police organis\u00e9 par les forces de l\u2019ordre pr\u00e8s du centre commercial Italie, dans le quartier du Blosne, \u00e0 Rennes. En fuyant, le jeune homme a renvers\u00e9 un cycliste \u00e2g\u00e9 d\u2019une cinquantaine d\u2019ann\u00e9es. Le quinquag\u00e9naire, bless\u00e9, a \u00e9t\u00e9 pris en charge par les secours.<\/p>\n<p>Apr\u00e8s sa fuite, le chauffard a \u00e9t\u00e9 pris en chasse par les policiers. Avant, finalement, d\u2019\u00eatre intercept\u00e9 au niveau du boulevard Clemenceau, situ\u00e9 \u00e0 quelques centaines de m\u00e8tres. L\u2019homme a \u00e9t\u00e9 plac\u00e9 en garde \u00e0 vue, \u00ab notamment pour des chefs de blessures involontaires aggrav\u00e9es \u00bb, indique le parquet, confirmant les \u00e9l\u00e9ments de <a href=\"https:\/\/www.rennes-infos-autrement.fr\/rennes-il-nen-etait-pas-a-son-premier-refus-dobtemperer\/\" target=\"_blank\" rel=\"noopener\">Rennes info autrement<\/a>.<\/p>\n","protected":false},"excerpt":{"rendered":"Ce mardi 28 octobre, vers 11 h 30, un automobiliste de 19 ans a refus\u00e9 d\u2019obtemp\u00e9rer \u00e0 un&hellip;\n","protected":false},"author":2,"featured_media":498026,"comment_status":"","ping_status":"","sticky":false,"template":"","format":"standard","meta":{"footnotes":""},"categories":[2821],"tags":[1111,11,829,765,1777,674,118,3383,1011,27,848,12,1072,584,25],"class_list":{"0":"post-498025","1":"post","2":"type-post","3":"status-publish","4":"format-standard","5":"has-post-thumbnail","7":"category-rennes","8":"tag-actu","9":"tag-actualites","10":"tag-bretagne","11":"tag-en-continu","12":"tag-eu","13":"tag-europe","14":"tag-faits-divers","15":"tag-faits-divers-a-rennes","16":"tag-fr","17":"tag-france","18":"tag-ille-et-vilaine","19":"tag-news","20":"tag-police","21":"tag-rennes","22":"tag-republique-francaise"},"share_on_mastodon":{"url":"https:\/\/pubeurope.com\/@fr\/115458386550579993","error":""},"_links":{"self":[{"href":"https:\/\/www.europesays.com\/fr\/wp-json\/wp\/v2\/posts\/498025","targetHints":{"allow":["GET"]}}],"collection":[{"href":"https:\/\/www.europesays.com\/fr\/wp-json\/wp\/v2\/posts"}],"about":[{"href":"https:\/\/www.europesays.com\/fr\/wp-json\/wp\/v2\/types\/post"}],"author":[{"embeddable":true,"href":"https:\/\/www.europesays.com\/fr\/wp-json\/wp\/v2\/users\/2"}],"replies":[{"embeddable":true,"href":"https:\/\/www.europesays.com\/fr\/wp-json\/wp\/v2\/comments?post=498025"}],"version-history":[{"count":0,"href":"https:\/\/www.europesays.com\/fr\/wp-json\/wp\/v2\/posts\/498025\/revisions"}],"wp:featuredmedia":[{"embeddable":true,"href":"https:\/\/www.europesays.com\/fr\/wp-json\/wp\/v2\/media\/498026"}],"wp:attachment":[{"href":"https:\/\/www.europesays.com\/fr\/wp-json\/wp\/v2\/media?parent=498025"}],"wp:term":[{"taxonomy":"category","embeddable":true,"href":"https:\/\/www.europesays.com\/fr\/wp-json\/wp\/v2\/categories?post=498025"},{"taxonomy":"post_tag","embeddable":true,"href":"https:\/\/www.europesays.com\/fr\/wp-json\/wp\/v2\/tags?post=498025"}],"curies":[{"name":"wp","href":"https:\/\/api.w.org\/{rel}","templated":true}]}}