{"id":498047,"date":"2025-10-29T16:35:19","date_gmt":"2025-10-29T16:35:19","guid":{"rendered":"https:\/\/www.europesays.com\/fr\/498047\/"},"modified":"2025-10-29T16:35:19","modified_gmt":"2025-10-29T16:35:19","slug":"volotea-donne-tout-pour-rester-leader","status":"publish","type":"post","link":"https:\/\/www.europesays.com\/fr\/498047\/","title":{"rendered":"Volotea donne tout pour rester leader"},"content":{"rendered":"<p>            Par<br \/>\n        <strong><br \/>\n            <a href=\"https:\/\/actu.fr\/auteur\/amandine-vachez\" title=\"Consulter tous les articles de Amandine Vachez\" rel=\"nofollow noopener\" target=\"_blank\">Amandine Vachez<\/a><br \/>\n        <\/strong><\/p>\n<p>        Publi\u00e9 le<\/p>\n<p>            29 oct. 2025 \u00e0 16h01        <\/p>\n<p>\u00ab\u2009Mama, arrivo subito\u2009!\u2009\u00bb Pr\u00e9sente \u00e0 <a href=\"https:\/\/actu.fr\/lille\/\" rel=\"nofollow noopener\" target=\"_blank\">Lille<\/a> (Nord) depuis 13\u00a0ans, <b>Volotea assoit sa position de compagnie leader<\/b> \u00e0 l\u2019<b>a\u00e9roport de Lille, bas\u00e9 \u00e0 Lesquin<\/b>, en<b> renfor\u00e7ant sa pr\u00e9sence en 2026.<\/b> Un <b>3e avion<\/b> va y \u00eatre bas\u00e9, et <b>quatre nouvelles destinations <\/b>ouvertes. Ce qui fera <b>37 en tout<\/b>, qui relieront Lille \u00e0 huit pays.<\/p>\n<p>Quatre nouvelles destinations<\/p>\n<p class=\" wall-content\">En plus du <a href=\"https:\/\/actu.fr\/hauts-de-france\/lille_59350\/aeroport-de-lille-volotea-va-augmenter-le-nombre-de-vols-vers-cette-ville-du-sud-des-le-printemps-2026_63339898.html\" rel=\"nofollow noopener\" target=\"_blank\">renfort annonc\u00e9 il y a quelques jours vers cette ville du sud<\/a>, Volotea ouvrira donc quatre nouvelles liaisons depuis Lille en 2026. D\u00e8s fin mai plus exactement, vers\u2009: <b>Bari, Biarritz, Madrid et S\u00e9ville<\/b>, \u00e0 raison de <b>deux vols par semaine. <\/b>37 destinations seront couvertes au total, soit une <b>augmentation de si\u00e8ges de 23\u2009%<\/b> (environ 839\u2009000 si\u00e8ges)\u2009!<\/p>\n<p class=\" wall-content\">Le choix des destinations propos\u00e9es par Volotea est issu d\u2019une r\u00e9flexion men\u00e9e avec l\u2019a\u00e9roport de Lille. Le directeur France de Volotea Gilles Gosselin pr\u00e9cise\u2009: \u00ab\u2009Nos liens avec les a\u00e9roports des villes r\u00e9gionales que nous relions sont extr\u00eamement importants. On construit ce partenariat au fur et \u00e0 mesure.\u2009\u00bb<\/p>\n<p class=\" wall-content\">\u00c0 c\u00f4t\u00e9 de \u00e7a, la compagnie travaille \u00e9troitement avec les tour-op\u00e9rateurs et se lie avec des entit\u00e9s locales, comme avec l\u2019Institut Pasteur de Lille, duquel elle est devenue m\u00e9c\u00e8ne en 2025.<\/p>\n<p>Bient\u00f4t une centaine de postes bas\u00e9s \u00e0 Lille<\/p>\n<p class=\" wall-content\">La compagnie veut participer \u00e0 la vie locale, en particulier l\u00e0 o\u00f9 elle a des avions bas\u00e9s. Soit 3 \u00e0 Lille bient\u00f4t, comme \u00e0 <b>Lyon, Bordeaux et Marseille<\/b>. Loin derri\u00e8re Nantes, plus grosse base fran\u00e7aise avec neuf appareils. \u00ab\u2009Peut-\u00eatre un jour \u00e0 Lille\u2009\u00bb, s\u2019amuse le repr\u00e9sentant de Volotea France, qui compl\u00e8te\u2009: \u00ab\u2009On construit chaque projet avec soin.\u2009\u00bb<\/p>\n<blockquote class=\"ac-article-quote wall-content\">\n<p>Nos bases sont un peu comme des ports d\u2019attache. Pour nous, chacune fonctionne comme une PME. Comme les avions, les salari\u00e9s sont sur place. Ils sont donc ancr\u00e9s dans la vie locale, ils connaissent leur territoire.<\/p>\n<p>Gilles Gosselin, directeur France de Volotea.<\/p><\/blockquote>\n<p class=\" wall-content\">La compagnie emploie actuellement 79 personnes \u00e0 Lille. Une <b>trentaine de postes va s\u2019ouvrir<\/b> avec le d\u00e9ploiement de l\u2019offre de 2026.<\/p>\n<p>Votre r\u00e9gion, votre actu !<\/p>\n<p>Recevez chaque jour les infos qui comptent pour vous.<\/p>\n<p>\t<a href=\"https:\/\/actu.fr\/newsletter\" class=\"ac-btn ac-btn--corner ac-btn--medium ac-btn--blue800\" rel=\"nofollow noopener\" target=\"_blank\">S&rsquo;incrire<\/a><br \/>\nToulouse, Nice et Bordeaux, destinations stars fran\u00e7aises\u00a0<\/p>\n<p class=\" wall-content\">Depuis Lille, Volotea couvre huit pays\u2009: la Bulgarie, la Croatie, l\u2019Espagne, la France, la Gr\u00e8ce, l\u2019Italie, le Maroc et le Portugal. <b>61\u2009% des si\u00e8ges sont vendus en vols dits \u00ab\u2009domestiques\u2009\u00bb<\/b> (France continentale), et <b>38\u2009% vers les destinations insulaires<\/b>, notamment la Corse qui rencontre un franc succ\u00e8s. En France, Toulouse, Nice et Bordeaux forment le Top 3. \u00c0 l\u2019\u00e9tranger, l\u2019Espagne et le Portugal ont particuli\u00e8rement la c\u00f4te. Notez que, pour les lignes qui s\u2019ouvrent en 2026, <a href=\"https:\/\/www.lille.aeroport.fr\/\" rel=\"nofollow noopener\" target=\"_blank\">vous pouvez d\u2019ores et d\u00e9j\u00e0 r\u00e9server<\/a>\u2009!<\/p>\n<p>Lille attractive<\/p>\n<p class=\" wall-content\">Plus qu\u2019un lieu de d\u00e9part, Lille est aussi une destination\u2009! \u00ab\u2009Ce renfort des liaisons concerne les voyageurs de la r\u00e9gion, mais aussi ceux qui voudraient venir \u00e0 Lille\u2009\u00bb, insiste le repr\u00e9sentant de la compagnie espagnole. Par exemple, Lille rencontre un fort succ\u00e8s<b> depuis Rodez en France<\/b>, et <b>depuis Barcelone<\/b> en Espagne.<\/p>\n<blockquote class=\"ac-article-quote wall-content\">\n<p>Lille a un vrai potentiel de trafic import, gr\u00e2ce \u00e0 sa culture, sa gastronomie\u2026<\/p>\n<p>Gilles Gosselin, directeur France de Volotea.<\/p><\/blockquote>\n<p class=\" wall-content\">Voil\u00e0 une feuille de route ambitieuse pour la compagnie qui enregistre une ann\u00e9e record pour ses r\u00e9sultats financiers\u2009: entre<b> 835 et 855\u00a0millions d\u2019euros<\/b> de chiffre d\u2019affaires en 2025, selon une projection jusqu\u2019en fin d\u2019ann\u00e9e.<\/p>\n<p class=\" wall-content\">Personnalisez votre actualit\u00e9 en ajoutant vos villes et m\u00e9dias en favori avec <a href=\"https:\/\/moncompte.actu.fr\" title=\"D\u00e9couvez Mon Actu\" rel=\"nofollow noopener\" data-trk=\"{&quot;cta&quot;:{&quot;action&quot;:&quot;https:\\\/\\\/moncompte.actu.fr&quot;,&quot;category&quot;:&quot;mon compte&quot;,&quot;from&quot;:&quot;article footer&quot;,&quot;name&quot;:&quot;Mon actu&quot;,&quot;type&quot;:&quot;cta&quot;}}\" target=\"_blank\">Mon Actu<\/a>.<\/p>\n","protected":false},"excerpt":{"rendered":"Par Amandine Vachez Publi\u00e9 le 29 oct. 2025 \u00e0 16h01 \u00ab\u2009Mama, arrivo subito\u2009!\u2009\u00bb Pr\u00e9sente \u00e0 Lille (Nord) depuis&hellip;\n","protected":false},"author":2,"featured_media":498048,"comment_status":"","ping_status":"","sticky":false,"template":"","format":"standard","meta":{"footnotes":""},"categories":[2815],"tags":[1111,11,33,1777,674,1011,27,811,1307,12,25,602,2803,11756],"class_list":{"0":"post-498047","1":"post","2":"type-post","3":"status-publish","4":"format-standard","5":"has-post-thumbnail","7":"category-lille","8":"tag-actu","9":"tag-actualites","10":"tag-economie","11":"tag-eu","12":"tag-europe","13":"tag-fr","14":"tag-france","15":"tag-hauts-de-france","16":"tag-lille","17":"tag-news","18":"tag-republique-francaise","19":"tag-tourisme","20":"tag-transport","21":"tag-volotea"},"share_on_mastodon":{"url":"https:\/\/pubeurope.com\/@fr\/115458429753048030","error":""},"_links":{"self":[{"href":"https:\/\/www.europesays.com\/fr\/wp-json\/wp\/v2\/posts\/498047","targetHints":{"allow":["GET"]}}],"collection":[{"href":"https:\/\/www.europesays.com\/fr\/wp-json\/wp\/v2\/posts"}],"about":[{"href":"https:\/\/www.europesays.com\/fr\/wp-json\/wp\/v2\/types\/post"}],"author":[{"embeddable":true,"href":"https:\/\/www.europesays.com\/fr\/wp-json\/wp\/v2\/users\/2"}],"replies":[{"embeddable":true,"href":"https:\/\/www.europesays.com\/fr\/wp-json\/wp\/v2\/comments?post=498047"}],"version-history":[{"count":0,"href":"https:\/\/www.europesays.com\/fr\/wp-json\/wp\/v2\/posts\/498047\/revisions"}],"wp:featuredmedia":[{"embeddable":true,"href":"https:\/\/www.europesays.com\/fr\/wp-json\/wp\/v2\/media\/498048"}],"wp:attachment":[{"href":"https:\/\/www.europesays.com\/fr\/wp-json\/wp\/v2\/media?parent=498047"}],"wp:term":[{"taxonomy":"category","embeddable":true,"href":"https:\/\/www.europesays.com\/fr\/wp-json\/wp\/v2\/categories?post=498047"},{"taxonomy":"post_tag","embeddable":true,"href":"https:\/\/www.europesays.com\/fr\/wp-json\/wp\/v2\/tags?post=498047"}],"curies":[{"name":"wp","href":"https:\/\/api.w.org\/{rel}","templated":true}]}}