{"id":498053,"date":"2025-10-29T16:38:19","date_gmt":"2025-10-29T16:38:19","guid":{"rendered":"https:\/\/www.europesays.com\/fr\/498053\/"},"modified":"2025-10-29T16:38:19","modified_gmt":"2025-10-29T16:38:19","slug":"les-nageurs-se-rassemblent-a-marseille-ce-samedi","status":"publish","type":"post","link":"https:\/\/www.europesays.com\/fr\/498053\/","title":{"rendered":"les nageurs se rassemblent \u00e0 Marseille ce samedi"},"content":{"rendered":"<p>Des collectifs de nageurs appellent \u00e0 une mobilisation festive et revendicative \u00e0 Marseille ce samedi 1er novembre 2025 plage de la Batterie de Montredon.<\/p>\n<p>Des collectifs de nageurs marseillais et proven\u00e7aux organisent la <strong>3e \u00e9dition<\/strong> de l&rsquo;\u00e9v\u00e9nement <strong>\u00ab\u00a0S\u00e9curit\u00e9 des Nageurs en Mer\u00a0\u00bb<\/strong> le <strong>samedi 1er novembre 2025<\/strong>, de 10h \u00e0 13h, sur la <strong>plage de la Batterie de Montredon<\/strong> \u00e0 Marseille. Cette mobilisation vise \u00e0 sensibiliser le grand public et, surtout, \u00e0 interpeller les autorit\u00e9s sur le besoin urgent de renforcer la s\u00e9curit\u00e9 des pratiques sportives et de loisir dans le milieu marin. Face \u00e0 l&rsquo;essor de la nage libre, de l&rsquo;apn\u00e9e et de la plong\u00e9e, les risques s&rsquo;accroissent en raison de <strong>l&rsquo;incivisme et de la vitesse excessive<\/strong> des usagers d&#8217;embarcations motoris\u00e9es (jet-skis, bateaux) et non motoris\u00e9es (foils) qui ne respectent pas les r\u00e8gles de navigation, notamment la limitation de vitesse \u00e0 5 n\u0153uds dans la bande des 300 m\u00e8tres.<\/p>\n<p>Organis\u00e9e notamment par Les Nageurs du Prado, Libres Nageurs et l&rsquo;ASPTT C\u00f4te Bleue Provence, cette journ\u00e9e est con\u00e7ue comme un <strong>\u00ab\u00a0acte collectif, revendicatif et festif\u00a0\u00bb<\/strong>. L&rsquo;objectif est double : <strong>rappeler l&rsquo;existence des lois<\/strong> encadrant l&rsquo;activit\u00e9 maritime et <strong>exiger des autorit\u00e9s<\/strong> locales et maritimes le renforcement de la p\u00e9dagogie, des contr\u00f4les, et des sanctions. Le rassemblement d\u00e9butera \u00e0 10h avec des prises de parole et le t\u00e9moignage de nageurs ayant subi des incidents, suivi d&rsquo;une <strong>mise \u00e0 l&rsquo;eau collective et symbolique<\/strong> vers 10h45. Les organisateurs proposeront \u00e9galement <strong>six propositions concr\u00e8tes<\/strong>, dont l&rsquo;interdiction des foils dans la bande des 300 m\u00e8tres, pour une mer plus s\u00e9cure pour tous.<\/p>\n<p>Image: archive Maritima<\/p>\n","protected":false},"excerpt":{"rendered":"Des collectifs de nageurs appellent \u00e0 une mobilisation festive et revendicative \u00e0 Marseille ce samedi 1er novembre 2025&hellip;\n","protected":false},"author":2,"featured_media":498054,"comment_status":"","ping_status":"","sticky":false,"template":"","format":"standard","meta":{"footnotes":""},"categories":[2814],"tags":[4162,1111,11,1777,674,1011,27,2088,884,12394,12,15656,882,25],"class_list":{"0":"post-498053","1":"post","2":"type-post","3":"status-publish","4":"format-standard","5":"has-post-thumbnail","7":"category-marseille","8":"tag-activites-nautiques","9":"tag-actu","10":"tag-actualites","11":"tag-eu","12":"tag-europe","13":"tag-fr","14":"tag-france","15":"tag-manifestation","16":"tag-marseille","17":"tag-nage","18":"tag-news","19":"tag-plage","20":"tag-provence-alpes-cote-dazur","21":"tag-republique-francaise"},"share_on_mastodon":{"url":"https:\/\/pubeurope.com\/@fr\/115458441558191908","error":""},"_links":{"self":[{"href":"https:\/\/www.europesays.com\/fr\/wp-json\/wp\/v2\/posts\/498053","targetHints":{"allow":["GET"]}}],"collection":[{"href":"https:\/\/www.europesays.com\/fr\/wp-json\/wp\/v2\/posts"}],"about":[{"href":"https:\/\/www.europesays.com\/fr\/wp-json\/wp\/v2\/types\/post"}],"author":[{"embeddable":true,"href":"https:\/\/www.europesays.com\/fr\/wp-json\/wp\/v2\/users\/2"}],"replies":[{"embeddable":true,"href":"https:\/\/www.europesays.com\/fr\/wp-json\/wp\/v2\/comments?post=498053"}],"version-history":[{"count":0,"href":"https:\/\/www.europesays.com\/fr\/wp-json\/wp\/v2\/posts\/498053\/revisions"}],"wp:featuredmedia":[{"embeddable":true,"href":"https:\/\/www.europesays.com\/fr\/wp-json\/wp\/v2\/media\/498054"}],"wp:attachment":[{"href":"https:\/\/www.europesays.com\/fr\/wp-json\/wp\/v2\/media?parent=498053"}],"wp:term":[{"taxonomy":"category","embeddable":true,"href":"https:\/\/www.europesays.com\/fr\/wp-json\/wp\/v2\/categories?post=498053"},{"taxonomy":"post_tag","embeddable":true,"href":"https:\/\/www.europesays.com\/fr\/wp-json\/wp\/v2\/tags?post=498053"}],"curies":[{"name":"wp","href":"https:\/\/api.w.org\/{rel}","templated":true}]}}