{"id":49806,"date":"2025-04-24T18:28:09","date_gmt":"2025-04-24T18:28:09","guid":{"rendered":"https:\/\/www.europesays.com\/fr\/49806\/"},"modified":"2025-04-24T18:28:09","modified_gmt":"2025-04-24T18:28:09","slug":"attaque-au-couteau-dans-un-lycee-une-eleve-est-decede-un-suspect-interpelle","status":"publish","type":"post","link":"https:\/\/www.europesays.com\/fr\/49806\/","title":{"rendered":"attaque au couteau dans un lyc\u00e9e, une \u00e9l\u00e8ve est d\u00e9c\u00e9d\u00e9, un suspect interpell\u00e9"},"content":{"rendered":"<p class=\"article-p mdl\">Une attaque au couteau a fait <strong>au moins un mort, une \u00e9l\u00e8ve de l&rsquo;\u00e9tablissement,<\/strong> ce jeudi 24 avril, au lyc\u00e9e priv\u00e9 sous contrat Notre-Dame-de-Toutes-Aides \u00e0 Nantes, dans le quartier de Doulon, selon les informations de\u00a0<a class=\"link\" href=\"https:\/\/www.ouest-france.fr\/societe\/faits-divers\/coups-de-couteau-au-lycee-toutes-aides-a-nantes-trois-blesses-graves-les-secours-sur-place-64d0c612-20fd-11f0-bf67-a97478b86af6\" target=\"_blank\" rel=\"noopener\">Ouest-France<\/a>,\u00a0confirm\u00e9es par RTL. Trois autres lyc\u00e9ens ont \u00e9t\u00e9 bless\u00e9s. Parmi eux, un \u00e9l\u00e8ve est en \u00ab\u00a0urgence absolu\u00a0\u00bb, selon la presse locale.<\/p>\n<p class=\"article-p mdl\">Le suspect, <strong>un \u00e9l\u00e8ve de seconde de 16 ans<\/strong>\u00a0scolaris\u00e9\u00a0<strong>dans l&rsquo;\u00e9tablissement, a agress\u00e9 quatre lyc\u00e9ens avec son arme<\/strong>\u00a0ce jeudi vers 12h30.\u00a0Il a p\u00e9n\u00e9tr\u00e9 dans deux classes de l&rsquo;\u00e9tablissements o\u00f9 il a attaqu\u00e9 ses victimes : d&rsquo;abord au deuxi\u00e8me \u00e9tage de l&rsquo;\u00e9tablissement, o\u00f9 il a poignard\u00e9 une personne, puis \u00e0 l&rsquo;\u00e9tage en dessous o\u00f9 il en a attaqu\u00e9 trois autres. Un diff\u00e9rend entre \u00e9l\u00e8ves\u00a0pourrait \u00eatre \u00e0 l&rsquo;origine de l&rsquo;agression.<\/p>\n<p class=\"article-p mdl\">Le jeune agresseur est d\u00e9crit par plusieurs personnes de l&rsquo;\u00e9tablissement comme quelqu&rsquo;un de d\u00e9pressif, avec des tendances suicidaires. Il avait envoy\u00e9 un manifeste de 13 pages, ce jeudi matin, \u00e0 tous les \u00e9l\u00e8ves de l&rsquo;\u00e9cole avant de passer \u00e0 l&rsquo;acte, d\u00e9non\u00e7ant un \u00ab\u00a0syst\u00e8me mondial destructeur.\u00a0\u00bb<\/p>\n<p class=\"article-p mdl\">Le principal suspect a finalement \u00e9t\u00e9 <strong>ma\u00eetris\u00e9 par le corps enseignant<\/strong> et notamment un responsable informatique de l&rsquo;\u00e9tablissement, en attendant les forces de l&rsquo;ordre. <strong>Il a \u00e9t\u00e9 ma\u00eetris\u00e9 et interpell\u00e9 par la police<\/strong>. Le procureur de la R\u00e9publique de Nantes, Antoine Leroy, est sur les lieux.<\/p>\n<p>            Borne et Retailleau sur place<\/p>\n<p class=\"article-p mdl\">Le lyc\u00e9e a \u00e9t\u00e9 \u00e9vacu\u00e9 vers 13 heures et les \u00e9l\u00e8ves regroup\u00e9s dans une salle polyvalente. Ils peuvent progressivement en sortir depuis 15h30. Les pompiers et le Smur sont \u00e9galement intervenus sur place. La police et des militaires de Vigipirate ont mis en place <strong>un p\u00e9rim\u00e8tre de s\u00e9curit\u00e9 autour de l&rsquo;\u00e9tablissement<\/strong>, qui accueille enviro 2.000 \u00e9l\u00e8ves.<\/p>\n<blockquote class=\"twitter-tweet\">\n<p lang=\"fr\" dir=\"ltr\">Une agression au couteau a eu lieu ce midi au sein d\u2019un \u00e9tablissement scolaire priv\u00e9 de Nantes. <\/p>\n<p>Je me rends sur place avec <a href=\"https:\/\/twitter.com\/BrunoRetailleau?ref_src=twsrc%5Etfw\" target=\"_blank\" rel=\"noopener\">@BrunoRetailleau<\/a> pour exprimer toute ma solidarit\u00e9 aux victimes et mon soutien \u00e0 la communaut\u00e9 \u00e9ducative.<\/p>\n<p>\u2014 \u00c9lisabeth BORNE (@Elisabeth_Borne) <a href=\"https:\/\/twitter.com\/Elisabeth_Borne\/status\/1915386490709791157?ref_src=twsrc%5Etfw\" target=\"_blank\" rel=\"noopener\">April 24, 2025<\/a><\/p><\/blockquote>\n<p class=\"article-p mdl\">Une cellule m\u00e9dico-psychologique a \u00e9t\u00e9 ouverte au sein de l&rsquo;\u00e9tablissement. La ministre de l&rsquo;\u00c9ducation nationale,\u00a0<strong>\u00c9lisabeth Borne, se rend sur place<\/strong>, en compagnie du ministre de l&rsquo;Int\u00e9rieur, <strong>Bruno Retailleau<\/strong>. Ils doivent arriver vers 17 heures sur place et pourraient prendre la parole.\u00a0Une conf\u00e9rence de presse du procureur de la R\u00e9publique aura lieu dans les prochaines heures.<\/p>\n<p>    La r\u00e9daction vous recommande<\/p>\n<p class=\"s-newsletter__title\">\n                L\u2019actualit\u00e9 par la r\u00e9daction de RTL dans votre bo\u00eete mail.\n            <\/p>\n<p class=\"s-newsletter__subtitle\">\n                Gr\u00e2ce \u00e0 votre compte RTL abonnez-vous \u00e0 la newsletter RTL info pour suivre toute l&rsquo;actualit\u00e9 au quotidien\n            <\/p>\n<p>\n                                    Lire la suite\n                                <\/p>\n<p>                            <script async src=\"https:\/\/platform.twitter.com\/widgets.js\" charset=\"utf-8\"><\/script><\/p>\n","protected":false},"excerpt":{"rendered":"Une attaque au couteau a fait au moins un mort, une \u00e9l\u00e8ve de l&rsquo;\u00e9tablissement, ce jeudi 24 avril,&hellip;\n","protected":false},"author":2,"featured_media":49807,"comment_status":"","ping_status":"","sticky":false,"template":"","format":"standard","meta":{"footnotes":""},"categories":[2],"tags":[11,898,5264,107,1011,27,303,766,12,1072,25],"class_list":{"0":"post-49806","1":"post","2":"type-post","3":"status-publish","4":"format-standard","5":"has-post-thumbnail","7":"category-actualites","8":"tag-actualites","9":"tag-alerte","10":"tag-couteau","11":"tag-fil-info","12":"tag-fr","13":"tag-france","14":"tag-justice","15":"tag-nantes","16":"tag-news","17":"tag-police","18":"tag-republique-francaise"},"share_on_mastodon":{"url":"https:\/\/pubeurope.com\/@fr\/114394359753756197","error":""},"_links":{"self":[{"href":"https:\/\/www.europesays.com\/fr\/wp-json\/wp\/v2\/posts\/49806","targetHints":{"allow":["GET"]}}],"collection":[{"href":"https:\/\/www.europesays.com\/fr\/wp-json\/wp\/v2\/posts"}],"about":[{"href":"https:\/\/www.europesays.com\/fr\/wp-json\/wp\/v2\/types\/post"}],"author":[{"embeddable":true,"href":"https:\/\/www.europesays.com\/fr\/wp-json\/wp\/v2\/users\/2"}],"replies":[{"embeddable":true,"href":"https:\/\/www.europesays.com\/fr\/wp-json\/wp\/v2\/comments?post=49806"}],"version-history":[{"count":0,"href":"https:\/\/www.europesays.com\/fr\/wp-json\/wp\/v2\/posts\/49806\/revisions"}],"wp:featuredmedia":[{"embeddable":true,"href":"https:\/\/www.europesays.com\/fr\/wp-json\/wp\/v2\/media\/49807"}],"wp:attachment":[{"href":"https:\/\/www.europesays.com\/fr\/wp-json\/wp\/v2\/media?parent=49806"}],"wp:term":[{"taxonomy":"category","embeddable":true,"href":"https:\/\/www.europesays.com\/fr\/wp-json\/wp\/v2\/categories?post=49806"},{"taxonomy":"post_tag","embeddable":true,"href":"https:\/\/www.europesays.com\/fr\/wp-json\/wp\/v2\/tags?post=49806"}],"curies":[{"name":"wp","href":"https:\/\/api.w.org\/{rel}","templated":true}]}}