{"id":498062,"date":"2025-10-29T16:44:13","date_gmt":"2025-10-29T16:44:13","guid":{"rendered":"https:\/\/www.europesays.com\/fr\/498062\/"},"modified":"2025-10-29T16:44:13","modified_gmt":"2025-10-29T16:44:13","slug":"ce-quil-faut-retenir-des-annonces-de-la-procureure-de-paris","status":"publish","type":"post","link":"https:\/\/www.europesays.com\/fr\/498062\/","title":{"rendered":"ce qu\u2019il faut retenir des annonces de la procureure de Paris"},"content":{"rendered":"<p class=\"mb-4 text-lg md:leading-8 break-words\">\u00ab Je veux souligner cette mobilisation exceptionnelle de tous. \u00bb Devant la presse, mercredi 29 octobre en fin d\u2019apr\u00e8s-midi, la procureure de la R\u00e9publique de Paris, Laure Beccuau, a salu\u00e9 le travail de la centaine d\u2019enqu\u00eateurs mobilis\u00e9s \u00ab jour et nuit \u00bb pour remonter la piste du commando responsable <a href=\"https:\/\/www.parismatch.com\/actu\/faits-divers\/cambriolage-du-louvre-ce-que-lon-sait-du-casse-du-siecle-258966\" rel=\"nofollow noopener\" target=\"_blank\" data-ylk=\"slk:du cambriolage du Louvre;elm:context_link;itc:0;sec:content-canvas\" class=\"link \">du cambriolage du Louvre<\/a>. Le 19 octobre, en moins de huit minutes, quatre hommes avaient d\u00e9rob\u00e9 huit joyaux de la couronne de France expos\u00e9s dans la galerie d\u2019Apollon, pour un butin estim\u00e9 \u00e0 88 millions d\u2019euros.<\/p>\n<p class=\"mb-4 text-lg md:leading-8 break-words\">La proc\u00e9dure compte d\u00e9sormais 189 scell\u00e9s issus des lieux du vol et des perquisitions. Ce travail a permis <a href=\"https:\/\/www.parismatch.com\/actu\/faits-divers\/exclusif-paris-match-cambriolage-du-louvre-un-suspect-interpelle-alors-quil-prenait-la-fuite-vers-lalgerie-259165\" rel=\"nofollow noopener\" target=\"_blank\" data-ylk=\"slk:d\u2019identifier deux suspects, arr\u00eat\u00e9s le 25 octobre au soir;elm:context_link;itc:0;sec:content-canvas\" class=\"link \">d\u2019identifier deux suspects, arr\u00eat\u00e9s le 25 octobre au soir<\/a>. Le premier, 34 ans, de nationalit\u00e9 alg\u00e9rienne, a \u00e9t\u00e9 interpell\u00e9 \u00e0 20 h \u00e0 l\u2019a\u00e9roport de Roissy alors qu\u2019il s\u2019appr\u00eatait \u00e0 embarquer pour Alger sans billet de retour. Le second, 39 ans, a \u00e9t\u00e9 arr\u00eat\u00e9 quarante minutes plus tard \u00e0 proximit\u00e9 de son domicile \u00e0 Aubervilliers.<\/p>\n<p class=\"mb-4 text-lg md:leading-8 break-words\">D\u00e9j\u00e0 connus des services de police, ils pr\u00e9sentent des profils diff\u00e9rents. Le premier, install\u00e9 en France depuis 2010, avait \u00e9t\u00e9 condamn\u00e9 pour vol et d\u00e9lits routiers. Il a \u00e9t\u00e9 identifi\u00e9 gr\u00e2ce \u00e0 des traces ADN sur un scooter utilis\u00e9 lors du casse. Le second, n\u00e9 \u00e0 Aubervilliers, d\u00e9clare exercer clandestinement comme chauffeur de taxi a d\u00e9j\u00e0 \u00e9t\u00e9 condamn\u00e9 pour vols aggrav\u00e9s en 2008 et 2014 et est sous contr\u00f4le judiciaire dans une autre affaire.<\/p>\n<p class=\"mb-4 text-lg md:leading-8 break-words\">Son ADN a \u00e9t\u00e9 retrouv\u00e9 sur une vitrine fractur\u00e9e et sur des objets abandonn\u00e9s pendant la fuite. \u00ab Cont&#8230;<\/p>\n<p class=\"mb-4 text-lg md:leading-8 break-words\"><a href=\"https:\/\/www.parismatch.com\/actu\/societe\/braquage-du-louvre-ce-quil-faut-retenir-des-annonces-de-la-procureure-de-paris-259357?at_medium=affiliate&amp;at_campaign=Yahoo\" rel=\"nofollow noopener\" target=\"_blank\" data-ylk=\"slk:Lire la suite sur ParisMatch;elm:context_link;itc:0;sec:content-canvas\" class=\"link \">Lire la suite sur ParisMatch<\/a><\/p>\n","protected":false},"excerpt":{"rendered":"\u00ab Je veux souligner cette mobilisation exceptionnelle de tous. \u00bb Devant la presse, mercredi 29 octobre en fin&hellip;\n","protected":false},"author":2,"featured_media":498063,"comment_status":"","ping_status":"","sticky":false,"template":"","format":"standard","meta":{"footnotes":""},"categories":[1888],"tags":[1111,1928,11,1927,23110,1777,674,1011,27,60285,62056,51456,33238,12,1926,626,1925,25],"class_list":{"0":"post-498062","1":"post","2":"type-post","3":"status-publish","4":"format-standard","5":"has-post-thumbnail","7":"category-paris","8":"tag-actu","9":"tag-actu-paris","10":"tag-actualites","11":"tag-actualites-paris","12":"tag-chauffeur-de-taxi","13":"tag-eu","14":"tag-europe","15":"tag-fr","16":"tag-france","17":"tag-joyaux-de-la-couronne-de-france","18":"tag-laeroport-de-roissy","19":"tag-la-presse","20":"tag-laure-beccuau","21":"tag-news","22":"tag-news-paris","23":"tag-paris","24":"tag-paris-news","25":"tag-republique-francaise"},"share_on_mastodon":{"url":"https:\/\/pubeurope.com\/@fr\/115458465027690365","error":""},"_links":{"self":[{"href":"https:\/\/www.europesays.com\/fr\/wp-json\/wp\/v2\/posts\/498062","targetHints":{"allow":["GET"]}}],"collection":[{"href":"https:\/\/www.europesays.com\/fr\/wp-json\/wp\/v2\/posts"}],"about":[{"href":"https:\/\/www.europesays.com\/fr\/wp-json\/wp\/v2\/types\/post"}],"author":[{"embeddable":true,"href":"https:\/\/www.europesays.com\/fr\/wp-json\/wp\/v2\/users\/2"}],"replies":[{"embeddable":true,"href":"https:\/\/www.europesays.com\/fr\/wp-json\/wp\/v2\/comments?post=498062"}],"version-history":[{"count":0,"href":"https:\/\/www.europesays.com\/fr\/wp-json\/wp\/v2\/posts\/498062\/revisions"}],"wp:featuredmedia":[{"embeddable":true,"href":"https:\/\/www.europesays.com\/fr\/wp-json\/wp\/v2\/media\/498063"}],"wp:attachment":[{"href":"https:\/\/www.europesays.com\/fr\/wp-json\/wp\/v2\/media?parent=498062"}],"wp:term":[{"taxonomy":"category","embeddable":true,"href":"https:\/\/www.europesays.com\/fr\/wp-json\/wp\/v2\/categories?post=498062"},{"taxonomy":"post_tag","embeddable":true,"href":"https:\/\/www.europesays.com\/fr\/wp-json\/wp\/v2\/tags?post=498062"}],"curies":[{"name":"wp","href":"https:\/\/api.w.org\/{rel}","templated":true}]}}