{"id":498066,"date":"2025-10-29T16:46:23","date_gmt":"2025-10-29T16:46:23","guid":{"rendered":"https:\/\/www.europesays.com\/fr\/498066\/"},"modified":"2025-10-29T16:46:23","modified_gmt":"2025-10-29T16:46:23","slug":"un-homme-passe-la-nuit-sur-la-tour-eiffel-une-plainte-deposee","status":"publish","type":"post","link":"https:\/\/www.europesays.com\/fr\/498066\/","title":{"rendered":"un homme passe la nuit sur la tour Eiffel, une plainte d\u00e9pos\u00e9e"},"content":{"rendered":"<p>\n    L\u2019intrus est entr\u00e9 dans le monument lundi soir et en est reparti mardi peu avant 10h30. Aucune d\u00e9gradation n\u2019a \u00e9t\u00e9 constat\u00e9e mais la tour Eiffel a d\u00e9pos\u00e9 plainte pour \u00abintrusion non autoris\u00e9e\u00bb.<\/p>\n<p class=\"fig-paragraph\">C\u2019est une intrusion qui pose question quant aux mesures de s\u00e9curit\u00e9 dans la\u00a0<a href=\"http:\/\/www.lefigaro.fr\/faits-divers\/un-parachutiste-en-garde-a-vue-apres-avoir-saute-de-la-tour-eiffel-20250809\" target=\"_blank\" data-fig-type=\"NewsFlash\" rel=\"noopener\" data-gtm-custom-categorie=\"navigation\" data-gtm-custom-action=\"crossclick\" data-gtm-custom-label=\"Contextuel\" data-gtm-event=\"customEventSPE\" data-fig-domain=\"LEFIGARO\">tour Eiffel<\/a>. Un homme a r\u00e9ussi \u00e0 y passer une nuit enti\u00e8re sans que personne ne s\u2019en aper\u00e7oive avant son d\u00e9part, en milieu de matin\u00e9e, a appris Le Figaro de source polici\u00e8re confirmant une information du\u00a0<a href=\"https:\/\/www.leparisien.fr\/paris-75\/paris-un-homme-passe-la-nuit-sur-la-tour-eiffel-le-monument-porte-plainte-29-10-2025-VRVR7EGWXRA6FE47HNEJRR5HLA.php?ts=1761740831387\" target=\"_blank\" rel=\"sponsored noopener\" data-gtm-custom-categorie=\"navigation\" data-gtm-custom-action=\"crossclick\" data-gtm-custom-label=\"Contextuel\" data-gtm-event=\"customEventSPE\">Parisien<\/a> . Les faits se sont d\u00e9roul\u00e9s dans la nuit de lundi \u00e0 mardi et ont \u00e9t\u00e9 signal\u00e9s au commissariat du 7e arrondissement de Paris apr\u00e8s un visionnage des images de vid\u00e9osurveillance mardi soir.<\/p>\n<p class=\"fig-paragraph\">C\u2019est ainsi que le directeur g\u00e9n\u00e9ral de la soci\u00e9t\u00e9 d\u2019exploitation de l\u2019historique monument parisien s\u2019est aper\u00e7u\u00a0<a href=\"http:\/\/www.lefigaro.fr\/faits-divers\/paris-deux-hommes-arretes-apres-avoir-saute-en-parachute-du-haut-de-la-tour-eiffel-20250710\" target=\"_blank\" data-fig-type=\"NewsFlash\" rel=\"noopener\" data-gtm-custom-categorie=\"navigation\" data-gtm-custom-action=\"crossclick\" data-gtm-custom-label=\"Contextuel\" data-gtm-event=\"customEventSPE\" data-fig-domain=\"LEFIGARO\">qu\u2019un homme \u00e9tait entr\u00e9 lundi soir<\/a>, \u00e0 21h35, par le pilier sud gr\u00e2ce \u00e0 un ticket visiteur achet\u00e9 sur internet. Impossible de retracer ses activit\u00e9s nocturnes. L\u2019intrus ne r\u00e9appara\u00eet sur les images que le lendemain matin, quittant la tour Eiffel par le tourniquet ouest \u00e0 10h20. Il semble avoir film\u00e9 son p\u00e9riple car il \u00e9tait \u00e9quip\u00e9 d\u2019une cam\u00e9ra GoPro.<\/p>\n<p>                                    <a class=\"fig-a11y-skip a11y-hidden\" href=\"#fig-a11y-skip-main-inarticle\"><br \/>\n        Passer la publicit\u00e9<br \/>\n    <\/a><\/p>\n<p class=\"fig-paragraph\">Mercredi matin \u00e0 la premi\u00e8re heure, avant l\u2019ouverture des lieux au public, une visite de s\u00e9curit\u00e9 a \u00e9t\u00e9 r\u00e9alis\u00e9e avec l\u2019appui de deux \u00e9quipes cynotechniques sp\u00e9cialis\u00e9es en d\u00e9tection d\u2019explosifs. La soci\u00e9t\u00e9 d\u2019exploitation du lieu a quant \u00e0 elle d\u00e9pos\u00e9 plainte. Mais cette intrusion interroge sur les mesures de s\u00e9curit\u00e9 mises en place autour de l\u2019un des plus c\u00e9l\u00e8bres monuments de Paris. En ao\u00fbt dernier, trois hommes avaient \u00e9t\u00e9 rep\u00e9r\u00e9s par la s\u00e9curit\u00e9 en train d\u2019escalader la tour. L\u2019un d\u2019entre eux avait r\u00e9ussi \u00e0 sauter en parachute et avait ensuite \u00e9t\u00e9 plac\u00e9 en garde \u00e0 vue.<\/p>\n","protected":false},"excerpt":{"rendered":"L\u2019intrus est entr\u00e9 dans le monument lundi soir et en est reparti mardi peu avant 10h30. Aucune d\u00e9gradation&hellip;\n","protected":false},"author":2,"featured_media":498067,"comment_status":"","ping_status":"","sticky":false,"template":"","format":"standard","meta":{"footnotes":""},"categories":[1888],"tags":[11,1777,674,1011,27,12,626,25,7184],"class_list":{"0":"post-498066","1":"post","2":"type-post","3":"status-publish","4":"format-standard","5":"has-post-thumbnail","7":"category-paris","8":"tag-actualites","9":"tag-eu","10":"tag-europe","11":"tag-fr","12":"tag-france","13":"tag-news","14":"tag-paris","15":"tag-republique-francaise","16":"tag-tour-eiffel"},"share_on_mastodon":{"url":"https:\/\/pubeurope.com\/@fr\/115458472925826521","error":""},"_links":{"self":[{"href":"https:\/\/www.europesays.com\/fr\/wp-json\/wp\/v2\/posts\/498066","targetHints":{"allow":["GET"]}}],"collection":[{"href":"https:\/\/www.europesays.com\/fr\/wp-json\/wp\/v2\/posts"}],"about":[{"href":"https:\/\/www.europesays.com\/fr\/wp-json\/wp\/v2\/types\/post"}],"author":[{"embeddable":true,"href":"https:\/\/www.europesays.com\/fr\/wp-json\/wp\/v2\/users\/2"}],"replies":[{"embeddable":true,"href":"https:\/\/www.europesays.com\/fr\/wp-json\/wp\/v2\/comments?post=498066"}],"version-history":[{"count":0,"href":"https:\/\/www.europesays.com\/fr\/wp-json\/wp\/v2\/posts\/498066\/revisions"}],"wp:featuredmedia":[{"embeddable":true,"href":"https:\/\/www.europesays.com\/fr\/wp-json\/wp\/v2\/media\/498067"}],"wp:attachment":[{"href":"https:\/\/www.europesays.com\/fr\/wp-json\/wp\/v2\/media?parent=498066"}],"wp:term":[{"taxonomy":"category","embeddable":true,"href":"https:\/\/www.europesays.com\/fr\/wp-json\/wp\/v2\/categories?post=498066"},{"taxonomy":"post_tag","embeddable":true,"href":"https:\/\/www.europesays.com\/fr\/wp-json\/wp\/v2\/tags?post=498066"}],"curies":[{"name":"wp","href":"https:\/\/api.w.org\/{rel}","templated":true}]}}