{"id":498068,"date":"2025-10-29T16:47:17","date_gmt":"2025-10-29T16:47:17","guid":{"rendered":"https:\/\/www.europesays.com\/fr\/498068\/"},"modified":"2025-10-29T16:47:17","modified_gmt":"2025-10-29T16:47:17","slug":"des-diplomates-occidentaux-rendent-hommage-a-moscou-aux-victimes-des-repressions-sovietiques","status":"publish","type":"post","link":"https:\/\/www.europesays.com\/fr\/498068\/","title":{"rendered":"des diplomates occidentaux rendent hommage \u00e0 Moscou aux victimes des r\u00e9pressions sovi\u00e9tiques"},"content":{"rendered":"<p>\n    Des journalistes de l\u2019AFP ont constat\u00e9 que des diplomates britanniques, fran\u00e7ais, allemands et des repr\u00e9sentants de l\u2019Union europ\u00e9enne d\u00e9posaient des fleurs au pied de la Pierre des Solovki, un m\u00e9morial install\u00e9 en 1990 devant le si\u00e8ge du KGB.<\/p>\n<p class=\"fig-paragraph\">Des diplomates occidentaux en poste \u00e0 Moscou ont rendu hommage ce 29 octobre aux victimes des r\u00e9pressions de l\u2019\u00e9poque sovi\u00e9tique, \u00e0 un moment o\u00f9 les autorit\u00e9s russes sont accus\u00e9es de r\u00e9habiliter\u00a0<a href=\"http:\/\/www.lefigaro.fr\/international\/russie-un-monument-a-la-gloire-de-staline-reinstalle-dans-le-metro-de-moscou-20250515\" data-fig-type=\"NewsFlash\" data-gtm-custom-categorie=\"navigation\" data-gtm-custom-action=\"crossclick\" data-gtm-custom-label=\"Contextuel\" data-gtm-event=\"customEventSPE\" data-fig-domain=\"LEFIGARO\" target=\"_blank\" rel=\"noopener\">Joseph Staline<\/a>\u00a0et d\u2019instrumentaliser l\u2019histoire pour justifier l\u2019offensive en Ukraine.<\/p>\n<p class=\"fig-paragraph\">Depuis le d\u00e9clenchement en f\u00e9vrier 2022 de la\u00a0<a href=\"http:\/\/www.lefigaro.fr\/international\/dossier\/guerre-en-ukraine-les-reportages-du-figaro\" data-fig-type=\"Topic\" data-gtm-custom-categorie=\"navigation\" data-gtm-custom-action=\"crossclick\" data-gtm-custom-label=\"Contextuel\" data-gtm-event=\"customEventSPE\" data-fig-domain=\"LEFIGARO\" target=\"_blank\" rel=\"noopener\">guerre en Ukraine<\/a>, la Russie a de facto interdit toute forme de dissidence, notamment en bannissant les groupes qui d\u00e9non\u00e7aient la glorification du dictateur sovi\u00e9tique et \u0153uvraient \u00e0 entretenir la m\u00e9moire des personnes pers\u00e9cut\u00e9es pendant la Grande Terreur des ann\u00e9es 1930.<\/p>\n<p>                                    <a class=\"fig-a11y-skip a11y-hidden\" href=\"#fig-a11y-skip-main-inarticle\"><br \/>\n        Passer la publicit\u00e9<br \/>\n    <\/a><\/p>\n<p>Un m\u00e9morial install\u00e9 en 1990<\/p>\n<p class=\"fig-paragraph\">Des journalistes de l\u2019AFP ont constat\u00e9 que des diplomates britanniques, fran\u00e7ais, allemands et des repr\u00e9sentants de l\u2019<a href=\"http:\/\/www.lefigaro.fr\/international\/guerre-en-ukraine-zelensky-espere-une-decision-positive-de-l-union-europeenne-sur-l-utilisation-des-avoirs-geles-russes-20251023\" data-fig-type=\"NewsFlash\" data-gtm-custom-categorie=\"navigation\" data-gtm-custom-action=\"crossclick\" data-gtm-custom-label=\"Contextuel\" data-gtm-event=\"customEventSPE\" data-fig-domain=\"LEFIGARO\" target=\"_blank\" rel=\"noopener\">Union europ\u00e9enne<\/a>\u00a0d\u00e9posaient des fleurs au pied de la Pierre des Solovki, un m\u00e9morial install\u00e9 en 1990 dans la capitale russe devant le si\u00e8ge du KGB (aujourd\u2019hui FSB) pour rendre hommage aux victimes des r\u00e9pressions sovi\u00e9tiques.<\/p>\n<p class=\"fig-paragraph\">Avant la guerre en Ukraine, l\u2019association M\u00e9morial, aujourd\u2019hui interdite, organisait \u00e0 cet endroit une c\u00e9r\u00e9monie annuelle de \u00abRestitution des noms\u00bb, au cours de laquelle des Russes lisaient les noms des personnes exil\u00e9es, emprisonn\u00e9es ou ex\u00e9cut\u00e9es sous Staline.<\/p>\n<p class=\"fig-paragraph\">Le Kremlin pr\u00e9sente ce dirigeant sovi\u00e9tique comme un h\u00e9ros pour la victoire sur l\u2019Allemagne nazie au cours de la Seconde Guerre mondiale, passant sous silence les r\u00e9pressions massives qui ont conduit \u00e0 la d\u00e9portation de millions de personnes dans des camps de travail et \u00e0 des morts en masse.<\/p>\n","protected":false},"excerpt":{"rendered":"Des journalistes de l\u2019AFP ont constat\u00e9 que des diplomates britanniques, fran\u00e7ais, allemands et des repr\u00e9sentants de l\u2019Union europ\u00e9enne&hellip;\n","protected":false},"author":2,"featured_media":498069,"comment_status":"","ping_status":"","sticky":false,"template":"","format":"standard","meta":{"footnotes":""},"categories":[1591],"tags":[11,1887,12,1885,1886,132,20937,135],"class_list":{"0":"post-498068","1":"post","2":"type-post","3":"status-publish","4":"format-standard","5":"has-post-thumbnail","7":"category-russie","8":"tag-actualites","9":"tag-federation-de-russie","10":"tag-news","11":"tag-russia","12":"tag-russian-federation","13":"tag-russie","14":"tag-staline","15":"tag-vladimir-poutine"},"share_on_mastodon":{"url":"https:\/\/pubeurope.com\/@fr\/115458476982299171","error":""},"_links":{"self":[{"href":"https:\/\/www.europesays.com\/fr\/wp-json\/wp\/v2\/posts\/498068","targetHints":{"allow":["GET"]}}],"collection":[{"href":"https:\/\/www.europesays.com\/fr\/wp-json\/wp\/v2\/posts"}],"about":[{"href":"https:\/\/www.europesays.com\/fr\/wp-json\/wp\/v2\/types\/post"}],"author":[{"embeddable":true,"href":"https:\/\/www.europesays.com\/fr\/wp-json\/wp\/v2\/users\/2"}],"replies":[{"embeddable":true,"href":"https:\/\/www.europesays.com\/fr\/wp-json\/wp\/v2\/comments?post=498068"}],"version-history":[{"count":0,"href":"https:\/\/www.europesays.com\/fr\/wp-json\/wp\/v2\/posts\/498068\/revisions"}],"wp:featuredmedia":[{"embeddable":true,"href":"https:\/\/www.europesays.com\/fr\/wp-json\/wp\/v2\/media\/498069"}],"wp:attachment":[{"href":"https:\/\/www.europesays.com\/fr\/wp-json\/wp\/v2\/media?parent=498068"}],"wp:term":[{"taxonomy":"category","embeddable":true,"href":"https:\/\/www.europesays.com\/fr\/wp-json\/wp\/v2\/categories?post=498068"},{"taxonomy":"post_tag","embeddable":true,"href":"https:\/\/www.europesays.com\/fr\/wp-json\/wp\/v2\/tags?post=498068"}],"curies":[{"name":"wp","href":"https:\/\/api.w.org\/{rel}","templated":true}]}}