{"id":498070,"date":"2025-10-29T16:48:12","date_gmt":"2025-10-29T16:48:12","guid":{"rendered":"https:\/\/www.europesays.com\/fr\/498070\/"},"modified":"2025-10-29T16:48:12","modified_gmt":"2025-10-29T16:48:12","slug":"selon-moscou-macron-reve-de-lauriers-napoleoniens-et-veut-envoyer-des-troupes-en-ukraine","status":"publish","type":"post","link":"https:\/\/www.europesays.com\/fr\/498070\/","title":{"rendered":"Selon Moscou, Macron r\u00eave de \u201clauriers napol\u00e9oniens\u201d et veut envoyer des troupes en Ukraine"},"content":{"rendered":"\n<p>La presse officielle russe emploie de nouveau la m\u00e9taphore imp\u00e9riale pour d\u00e9crire la politique de la France \u00e0 l\u2019\u00e9tranger, et d\u00e9peint un Emmanuel Macron \u201cr\u00eavant de \u2018lauriers napol\u00e9oniens\u2019\u201d, qui s\u2019appr\u00eaterait \u00e0 envoyer 2\u00a0000\u00a0soldats fran\u00e7ais en Ukraine. C\u2019est en tout cas ce qu\u2019on peut lire dans un communiqu\u00e9 du service de renseignement ext\u00e9rieur russe (SVR), <a class=\"ithalc\" data-ithal=\"lien_externe\" data-ithalc=\"[nav_article]\" target=\"_blank\" href=\"https:\/\/www.gazeta.ru\/politics\/news\/2025\/10\/28\/27048788.shtml?updated\" rel=\"nofollow noopener\">relay\u00e9 par <strong>Gazeta.ru<\/strong><\/a><strong>.<\/strong><\/p>\n<p>Selon ce communiqu\u00e9, des militaires fran\u00e7ais, parmi lesquels figureraient \u201cdes l\u00e9gionnaires latino-am\u00e9ricains\u201d, seraient d\u00e9j\u00e0 positionn\u00e9s dans l\u2019est de la Pologne, \u00e9quip\u00e9s, entra\u00een\u00e9s et pr\u00eats \u00e0 entrer en Ukraine \u201cdans les prochains jours\u201d. \u201cFaute d\u2019avoir r\u00e9ussi comme homme politique\u201d, poursuit le SVR, Emmanuel Macron cherche d\u00e9sormais \u00e0 entrer dans l\u2019histoire par la guerre.<\/p>\n<p><a class=\"ithalc\" data-ithal=\"lien_externe\" data-ithalc=\"[nav_article]\" target=\"_blank\" href=\"https:\/\/lenta.ru\/news\/2025\/10\/28\/frantsuzy\/\" rel=\"nofollow noopener\">Et \u00e0 en croire <strong>Lenta.ru<\/strong><\/a><strong>, <\/strong>les h\u00f4pitaux fran\u00e7ais se pr\u00e9parent \u00e0 accueillir des bless\u00e9s, tandis que le personnel m\u00e9dical suivrait une formation sp\u00e9cifique. Pour \u00e9viter une fuite m\u00e9diatique, Paris pr\u00e9voirait\u00a0de pr\u00e9senter cette force comme un groupe restreint d\u2019instructeurs militaires, ajoutent \u00e9galement les autorit\u00e9s russes.<\/p>\n<p> Bruit m\u00e9diatique russe <\/p>\n<p>Une information reprise sans nuance par plusieurs m\u00e9dias proches de l\u2019\u00c9tat. <a class=\"ithalc\" data-ithal=\"lien_externe\" data-ithalc=\"[nav_article]\" target=\"_blank\" href=\"https:\/\/tass.ru\/mezhdunarodnaya-panorama\/25483481\" rel=\"nofollow noopener\">Cit\u00e9 par l\u2019agence de presse <strong>Tass<\/strong><\/a><strong>,<\/strong> l\u2019observateur politique am\u00e9ricain Eddie Gonzales, qui est aux commandes du talk-show <\/p>\n","protected":false},"excerpt":{"rendered":"La presse officielle russe emploie de nouveau la m\u00e9taphore imp\u00e9riale pour d\u00e9crire la politique de la France \u00e0&hellip;\n","protected":false},"author":2,"featured_media":498071,"comment_status":"","ping_status":"","sticky":false,"template":"","format":"standard","meta":{"footnotes":""},"categories":[1590],"tags":[11,1073,1777,674,27,131,3821,12,10512,132,220,135],"class_list":{"0":"post-498070","1":"post","2":"type-post","3":"status-publish","4":"format-standard","5":"has-post-thumbnail","7":"category-ukraine","8":"tag-actualites","9":"tag-emmanuel-macron","10":"tag-eu","11":"tag-europe","12":"tag-france","13":"tag-guerre-en-ukraine","14":"tag-la-france-vue-de-lu2019u00e9tranger","15":"tag-news","16":"tag-propagande","17":"tag-russie","18":"tag-ukraine","19":"tag-vladimir-poutine"},"share_on_mastodon":{"url":"https:\/\/pubeurope.com\/@fr\/115458480789613361","error":""},"_links":{"self":[{"href":"https:\/\/www.europesays.com\/fr\/wp-json\/wp\/v2\/posts\/498070","targetHints":{"allow":["GET"]}}],"collection":[{"href":"https:\/\/www.europesays.com\/fr\/wp-json\/wp\/v2\/posts"}],"about":[{"href":"https:\/\/www.europesays.com\/fr\/wp-json\/wp\/v2\/types\/post"}],"author":[{"embeddable":true,"href":"https:\/\/www.europesays.com\/fr\/wp-json\/wp\/v2\/users\/2"}],"replies":[{"embeddable":true,"href":"https:\/\/www.europesays.com\/fr\/wp-json\/wp\/v2\/comments?post=498070"}],"version-history":[{"count":0,"href":"https:\/\/www.europesays.com\/fr\/wp-json\/wp\/v2\/posts\/498070\/revisions"}],"wp:featuredmedia":[{"embeddable":true,"href":"https:\/\/www.europesays.com\/fr\/wp-json\/wp\/v2\/media\/498071"}],"wp:attachment":[{"href":"https:\/\/www.europesays.com\/fr\/wp-json\/wp\/v2\/media?parent=498070"}],"wp:term":[{"taxonomy":"category","embeddable":true,"href":"https:\/\/www.europesays.com\/fr\/wp-json\/wp\/v2\/categories?post=498070"},{"taxonomy":"post_tag","embeddable":true,"href":"https:\/\/www.europesays.com\/fr\/wp-json\/wp\/v2\/tags?post=498070"}],"curies":[{"name":"wp","href":"https:\/\/api.w.org\/{rel}","templated":true}]}}