{"id":498078,"date":"2025-10-29T16:52:13","date_gmt":"2025-10-29T16:52:13","guid":{"rendered":"https:\/\/www.europesays.com\/fr\/498078\/"},"modified":"2025-10-29T16:52:13","modified_gmt":"2025-10-29T16:52:13","slug":"cc-championnat-deurope-la-selection-suisse-actualite","status":"publish","type":"post","link":"https:\/\/www.europesays.com\/fr\/498078\/","title":{"rendered":"CC &#8211; Championnat d&rsquo;Europe : La s\u00e9lection suisse &#8211; Actualit\u00e9"},"content":{"rendered":"<p>Le prochain Championnat d&rsquo;Europe de cyclo-cross se disputera le week-end du 8 et 9 novembre.\u00a0Swiss Cycling\u00a0a d\u00e9voil\u00e9 sa s\u00e9lection pour cet \u00e9v\u00e8nement qui aura lieu \u00e0 Middelkerke, en Belgique. Il faut noter l&rsquo;absence de\u00a0Loris Rouiller, qui souffre du dos.\u00a0<\/p>\n<p><strong>La s\u00e9lection suisse :<\/strong><br \/><strong>Juniors Femmes<\/strong><br \/>Lou-Anne Halter<br \/>Shana Huber<\/p>\n<p><strong>Juniors Hommes<\/strong><br \/>Gian Fuhrmann<br \/>Nick Knechtle<br \/>Elias Vonbach<\/p>\n<p><strong>Espoir Femme<\/strong><br \/>Jana Glaus<\/p>\n<p><strong>Espoir Homme<\/strong><br \/>Pas de coureur<\/p>\n<p><strong>Elite Femme<\/strong><br \/>Rebekka Estermann<\/p>\n<p><strong>Elite Homme<\/strong><br \/>Kevin Kuhn &#8211; notre photo<\/p>\n","protected":false},"excerpt":{"rendered":"Le prochain Championnat d&rsquo;Europe de cyclo-cross se disputera le week-end du 8 et 9 novembre.\u00a0Swiss Cycling\u00a0a d\u00e9voil\u00e9 sa&hellip;\n","protected":false},"author":2,"featured_media":498079,"comment_status":"","ping_status":"","sticky":false,"template":"","format":"standard","meta":{"footnotes":""},"categories":[1586],"tags":[11,834,828,836,829,837,827,83,826,824,823,207,814,817,815,816,822,821,1777,674,832,211,839,1011,27,820,818,819,12,835,831,830,833,838,25,212,208,825],"class_list":{"0":"post-498078","1":"post","2":"type-post","3":"status-publish","4":"format-standard","5":"has-post-thumbnail","7":"category-europe","8":"tag-actualites","9":"tag-attaque","10":"tag-belgique","11":"tag-braquet","12":"tag-bretagne","13":"tag-chute","14":"tag-competition","15":"tag-coupe-de-france","16":"tag-coureur","17":"tag-course-cyclisme","18":"tag-course-cycliste","19":"tag-cyclisme","20":"tag-direct","21":"tag-direct-velo","22":"tag-directvelo","23":"tag-directvelo-com","24":"tag-epreuve","25":"tag-epreuve-cycliste","26":"tag-eu","27":"tag-europe","28":"tag-federation-francaise-de-cyclisme","29":"tag-ffc","30":"tag-flandres","31":"tag-fr","32":"tag-france","33":"tag-live","34":"tag-live-course","35":"tag-live-epreuve","36":"tag-news","37":"tag-peloton","38":"tag-radio-peloton","39":"tag-radio-tour","40":"tag-ravitaillement","41":"tag-relance","42":"tag-republique-francaise","43":"tag-uci","44":"tag-velo","45":"tag-velos"},"share_on_mastodon":{"url":"https:\/\/pubeurope.com\/@fr\/115458496658577168","error":""},"_links":{"self":[{"href":"https:\/\/www.europesays.com\/fr\/wp-json\/wp\/v2\/posts\/498078","targetHints":{"allow":["GET"]}}],"collection":[{"href":"https:\/\/www.europesays.com\/fr\/wp-json\/wp\/v2\/posts"}],"about":[{"href":"https:\/\/www.europesays.com\/fr\/wp-json\/wp\/v2\/types\/post"}],"author":[{"embeddable":true,"href":"https:\/\/www.europesays.com\/fr\/wp-json\/wp\/v2\/users\/2"}],"replies":[{"embeddable":true,"href":"https:\/\/www.europesays.com\/fr\/wp-json\/wp\/v2\/comments?post=498078"}],"version-history":[{"count":0,"href":"https:\/\/www.europesays.com\/fr\/wp-json\/wp\/v2\/posts\/498078\/revisions"}],"wp:featuredmedia":[{"embeddable":true,"href":"https:\/\/www.europesays.com\/fr\/wp-json\/wp\/v2\/media\/498079"}],"wp:attachment":[{"href":"https:\/\/www.europesays.com\/fr\/wp-json\/wp\/v2\/media?parent=498078"}],"wp:term":[{"taxonomy":"category","embeddable":true,"href":"https:\/\/www.europesays.com\/fr\/wp-json\/wp\/v2\/categories?post=498078"},{"taxonomy":"post_tag","embeddable":true,"href":"https:\/\/www.europesays.com\/fr\/wp-json\/wp\/v2\/tags?post=498078"}],"curies":[{"name":"wp","href":"https:\/\/api.w.org\/{rel}","templated":true}]}}