{"id":498084,"date":"2025-10-29T16:55:15","date_gmt":"2025-10-29T16:55:15","guid":{"rendered":"https:\/\/www.europesays.com\/fr\/498084\/"},"modified":"2025-10-29T16:55:15","modified_gmt":"2025-10-29T16:55:15","slug":"un-violent-incendie-embrase-le-dernier-etage-dun-immeuble","status":"publish","type":"post","link":"https:\/\/www.europesays.com\/fr\/498084\/","title":{"rendered":"un violent incendie embrase le dernier \u00e9tage d\u2019un immeuble"},"content":{"rendered":"<p>            Par<br \/>\n        <strong><br \/>\n            <a href=\"https:\/\/actu.fr\/auteur\/metropoop\" title=\"Consulter tous les articles de R\u00e9daction M\u00e9tropolitain\" target=\"_blank\" rel=\"noopener\">R\u00e9daction M\u00e9tropolitain<\/a><br \/>\n        <\/strong><\/p>\n<p>        Publi\u00e9 le<\/p>\n<p>            29 oct. 2025 \u00e0 14h55        <\/p>\n<p>Un important feu d\u2019appartement s\u2019est d\u00e9clar\u00e9 <strong>ce mercredi 29 octobre 2025<\/strong>, en d\u00e9but d\u2019apr\u00e8s-midi, dans le quartier Pompignane, \u00e0 Montpellier. Le sinistre a pris au dernier \u00e9tage d\u2019une r\u00e9sidence r\u00e9cemment construite, situ\u00e9e au croisement des rues Luis Barragan et James Stirling, \u00e0 proximit\u00e9 du supermarch\u00e9 Lidl.<\/p>\n<p>    <a href=\"https:\/\/www.google.com\/maps\/embed?pb=!1m18!1m12!1m3!1d2888.4661528095617!2d3.895843076460318!3d43.61765587110385!2m3!1f0!2f0!3f0!3m2!1i1024!2i768!4f13.1!3m3!1m2!1s0x12b6af7afabc6275%3A0x9863114af25c6bb!2sRue%20Luis%20Barragan%2C%2034000%20Montpellier!5e0!3m2!1sen!2sfr!4v1761746080204!5m2!1sen!2sfr\" title=\"Ouvrie le lien\" target=\"_blank\" rel=\"noopener\">Cliquez ici pour visualiser le contenu<\/a><\/p>\n<p class=\" wall-content\">Les sapeurs-pompiers du Sdis 34 sont sur place avec une grande \u00e9chelle afin de ma\u00eetriser la propagation des flammes.\u00a0<\/p>\n<p class=\" wall-content\">\n<p class=\" wall-content\"><strong>&gt; Plus d\u2019informations \u00e0 venir<\/strong><\/p>\n<p class=\" wall-content\">Personnalisez votre actualit\u00e9 en ajoutant vos villes et m\u00e9dias en favori avec <a href=\"https:\/\/moncompte.actu.fr\" title=\"D\u00e9couvez Mon Actu\" rel=\"nofollow noopener\" data-trk=\"{&quot;cta&quot;:{&quot;action&quot;:&quot;https:\\\/\\\/moncompte.actu.fr&quot;,&quot;category&quot;:&quot;mon compte&quot;,&quot;from&quot;:&quot;article footer&quot;,&quot;name&quot;:&quot;Mon actu&quot;,&quot;type&quot;:&quot;cta&quot;}}\" target=\"_blank\">Mon Actu<\/a>.<\/p>\n","protected":false},"excerpt":{"rendered":"Par R\u00e9daction M\u00e9tropolitain Publi\u00e9 le 29 oct. 2025 \u00e0 14h55 Un important feu d\u2019appartement s\u2019est d\u00e9clar\u00e9 ce mercredi&hellip;\n","protected":false},"author":2,"featured_media":498085,"comment_status":"","ping_status":"","sticky":false,"template":"","format":"standard","meta":{"footnotes":""},"categories":[2],"tags":[11,118,1011,27,1310,1908,12,1311,25],"class_list":{"0":"post-498084","1":"post","2":"type-post","3":"status-publish","4":"format-standard","5":"has-post-thumbnail","7":"category-actualites","8":"tag-actualites","9":"tag-faits-divers","10":"tag-fr","11":"tag-france","12":"tag-incendie","13":"tag-logement","14":"tag-news","15":"tag-pompiers","16":"tag-republique-francaise"},"share_on_mastodon":{"url":"https:\/\/pubeurope.com\/@fr\/115458508385664325","error":""},"_links":{"self":[{"href":"https:\/\/www.europesays.com\/fr\/wp-json\/wp\/v2\/posts\/498084","targetHints":{"allow":["GET"]}}],"collection":[{"href":"https:\/\/www.europesays.com\/fr\/wp-json\/wp\/v2\/posts"}],"about":[{"href":"https:\/\/www.europesays.com\/fr\/wp-json\/wp\/v2\/types\/post"}],"author":[{"embeddable":true,"href":"https:\/\/www.europesays.com\/fr\/wp-json\/wp\/v2\/users\/2"}],"replies":[{"embeddable":true,"href":"https:\/\/www.europesays.com\/fr\/wp-json\/wp\/v2\/comments?post=498084"}],"version-history":[{"count":0,"href":"https:\/\/www.europesays.com\/fr\/wp-json\/wp\/v2\/posts\/498084\/revisions"}],"wp:featuredmedia":[{"embeddable":true,"href":"https:\/\/www.europesays.com\/fr\/wp-json\/wp\/v2\/media\/498085"}],"wp:attachment":[{"href":"https:\/\/www.europesays.com\/fr\/wp-json\/wp\/v2\/media?parent=498084"}],"wp:term":[{"taxonomy":"category","embeddable":true,"href":"https:\/\/www.europesays.com\/fr\/wp-json\/wp\/v2\/categories?post=498084"},{"taxonomy":"post_tag","embeddable":true,"href":"https:\/\/www.europesays.com\/fr\/wp-json\/wp\/v2\/tags?post=498084"}],"curies":[{"name":"wp","href":"https:\/\/api.w.org\/{rel}","templated":true}]}}