{"id":498086,"date":"2025-10-29T16:56:14","date_gmt":"2025-10-29T16:56:14","guid":{"rendered":"https:\/\/www.europesays.com\/fr\/498086\/"},"modified":"2025-10-29T16:56:14","modified_gmt":"2025-10-29T16:56:14","slug":"sante-lepidemie-de-bronchiolite-revient-en-france-lile-de-france-premiere-region-touchee","status":"publish","type":"post","link":"https:\/\/www.europesays.com\/fr\/498086\/","title":{"rendered":"Sant\u00e9. L&rsquo;\u00e9pid\u00e9mie de bronchiolite revient en France, l&rsquo;\u00cele-de-France premi\u00e8re r\u00e9gion touch\u00e9e"},"content":{"rendered":"<p>L&rsquo;\u00e9pid\u00e9mie annuelle de bronchiolite fait son retour dans l&rsquo;Hexagone. Sant\u00e9 publique France a notamment indiqu\u00e9 ce mercredi que la r\u00e9gion parisienne \u00e9tait la premi\u00e8re touch\u00e9e.\u00a0Lors de la semaine \u00e9coul\u00e9e au 26 octobre, \u00ab les indicateurs syndromiques li\u00e9s \u00e0 la bronchiolite augmentaient en ville et \u00e0 l&rsquo;h\u00f4pital, \u00e0 des niveaux proches de la saison pr\u00e9c\u00e9dente \u00e0 la m\u00eame p\u00e9riode \u00bb, r\u00e9sume l&rsquo;agence dans un bilan hebdomadaire des principales maladies respiratoires de l&rsquo;automne-hiver.<\/p>\n<p>L&rsquo;\u00cele-de-France est d\u00e9sormais pass\u00e9e en phase \u00e9pid\u00e9mique pour cette maladie g\u00e9n\u00e9ralement sans gravit\u00e9 mais susceptible de provoquer des complications chez les nourrissons et de les conduire \u00e0 l&rsquo;h\u00f4pital. Les autres r\u00e9gions de m\u00e9tropole devraient \u00eatre gagn\u00e9es \u00e0 plus ou moins long terme par l&rsquo;\u00e9pid\u00e9mie, \u00e0 commencer par la Normandie qui reste pour l&rsquo;heure en phase \u00ab pr\u00e9-\u00e9pid\u00e9mique \u00bb pour la troisi\u00e8me semaine cons\u00e9cutive.\u00a0<\/p>\n<p>Campagne d&rsquo;immunisation contre le VRS<\/p>\n<p>Chaque ann\u00e9e, au moment de l&rsquo;automne et de l&rsquo;hiver, la bronchiolite frappe de nombreux b\u00e9b\u00e9s en France, le plus souvent \u00e0 la suite d&rsquo;une infection au virus respiratoire syncytial (VRS) qui peut aussi menacer des personnes \u00e2g\u00e9es.\u00a0Dor\u00e9navant, une campagne d&rsquo;immunisation contre le VRS est lanc\u00e9e chaque ann\u00e9e. Deux strat\u00e9gies sont possibles \u00e0 l&rsquo;aide de deux traitements distincts: la vaccination de la femme enceinte par l&rsquo;Abrysvo de Pfizer, ou <a href=\"https:\/\/www.ledauphine.com\/sante\/2025\/06\/04\/six-bebes-francais-sur-dix-ont-recu-le-traitement-beyfortus-cet-hiver\" target=\"_blank\" rel=\"nofollow noopener\">l&rsquo;immunisation des nourrissons par le Beyfortus<\/a> de Sanofi et AstraZeneca. Reste que \u00ab d&rsquo;autres virus susceptibles d&rsquo;induire des bronchiolites circulent dans l&rsquo;Hexagone, notamment les rhinovirus \u00bb, pr\u00e9vient Sant\u00e9 publique France.\u00a0<\/p>\n<p class=\"insetTitle\">Covid et grippe : indicateurs relativement stables<\/p>\n<p>L&rsquo;agence a aussi fait le point sur le Covid et la grippe, pour lesquels <a href=\"https:\/\/www.ledauphine.com\/sante\/2025\/10\/13\/contre-le-covid-et-la-grippe-la-campagne-vaccinale-debute-ce-mardi\" target=\"_blank\" rel=\"nofollow noopener\">une campagne de vaccination<\/a> coupl\u00e9e a commenc\u00e9 mi-octobre aupr\u00e8s des plus \u00e0 risque, principalement les plus de 65 ans mais aussi les femmes enceintes et beaucoup de malades chroniques.\u00a0<\/p>\n<p>C\u00f4t\u00e9 Covid, les indicateurs ont diminu\u00e9 en m\u00e9decine de ville et sont rest\u00e9s stables \u00e0 l&rsquo;h\u00f4pital. Quant \u00e0 la grippe, particuli\u00e8rement s\u00e9v\u00e8re la saison pr\u00e9c\u00e9dente, seuls quelques cas \u00ab sporadiques \u00bb sont enregistr\u00e9s.\u00a0<\/p>\n","protected":false},"excerpt":{"rendered":"L&rsquo;\u00e9pid\u00e9mie annuelle de bronchiolite fait son retour dans l&rsquo;Hexagone. Sant\u00e9 publique France a notamment indiqu\u00e9 ce mercredi que&hellip;\n","protected":false},"author":2,"featured_media":498087,"comment_status":"","ping_status":"","sticky":false,"template":"","format":"standard","meta":{"footnotes":""},"categories":[4],"tags":[11,107,1011,27,329,12,25,71],"class_list":{"0":"post-498086","1":"post","2":"type-post","3":"status-publish","4":"format-standard","5":"has-post-thumbnail","7":"category-france","8":"tag-actualites","9":"tag-fil-info","10":"tag-fr","11":"tag-france","12":"tag-france-monde","13":"tag-news","14":"tag-republique-francaise","15":"tag-sante"},"share_on_mastodon":{"url":"https:\/\/pubeurope.com\/@fr\/115458512247340926","error":""},"_links":{"self":[{"href":"https:\/\/www.europesays.com\/fr\/wp-json\/wp\/v2\/posts\/498086","targetHints":{"allow":["GET"]}}],"collection":[{"href":"https:\/\/www.europesays.com\/fr\/wp-json\/wp\/v2\/posts"}],"about":[{"href":"https:\/\/www.europesays.com\/fr\/wp-json\/wp\/v2\/types\/post"}],"author":[{"embeddable":true,"href":"https:\/\/www.europesays.com\/fr\/wp-json\/wp\/v2\/users\/2"}],"replies":[{"embeddable":true,"href":"https:\/\/www.europesays.com\/fr\/wp-json\/wp\/v2\/comments?post=498086"}],"version-history":[{"count":0,"href":"https:\/\/www.europesays.com\/fr\/wp-json\/wp\/v2\/posts\/498086\/revisions"}],"wp:featuredmedia":[{"embeddable":true,"href":"https:\/\/www.europesays.com\/fr\/wp-json\/wp\/v2\/media\/498087"}],"wp:attachment":[{"href":"https:\/\/www.europesays.com\/fr\/wp-json\/wp\/v2\/media?parent=498086"}],"wp:term":[{"taxonomy":"category","embeddable":true,"href":"https:\/\/www.europesays.com\/fr\/wp-json\/wp\/v2\/categories?post=498086"},{"taxonomy":"post_tag","embeddable":true,"href":"https:\/\/www.europesays.com\/fr\/wp-json\/wp\/v2\/tags?post=498086"}],"curies":[{"name":"wp","href":"https:\/\/api.w.org\/{rel}","templated":true}]}}