{"id":498088,"date":"2025-10-29T16:57:18","date_gmt":"2025-10-29T16:57:18","guid":{"rendered":"https:\/\/www.europesays.com\/fr\/498088\/"},"modified":"2025-10-29T16:57:18","modified_gmt":"2025-10-29T16:57:18","slug":"felix-mory-cette-annee-je-me-sens-un-peu-plus-mature","status":"publish","type":"post","link":"https:\/\/www.europesays.com\/fr\/498088\/","title":{"rendered":"F\u00e9lix Mory : \u00ab Cette ann\u00e9e, je me sens un peu plus mature \u00bb"},"content":{"rendered":"<p><strong>L\u2019exemple de Martin Couvra, arriv\u00e9 cette ann\u00e9e sur le Tour via le Challenge Tour 2024 et \u00e0 la lutte pour se retrouver sur le PGA Tour en 2026, constitue-t-il un exemple \u00e0 suivre pour vous\u00a0?<\/strong><br \/>C\u2019est toujours bien de voir des gar\u00e7ons qu\u2019on a c\u00f4toy\u00e9s sur l\u2019HotelPlanner Tour, qu\u2019on connait bien, performer au plus haut niveau. Apr\u00e8s, on est tous diff\u00e9rents. Chacun a son histoire. Il y a des gars qui montent et qui redescendent aussit\u00f4t derri\u00e8re, des <strong>John Parry<\/strong> qui remontent \u00e0 37 ans et qui sont pr\u00e8s de jouer sur le <strong>PGA Tour,<\/strong> d\u2019autres qui jouent tr\u00e8s bien tout de suite\u2026 En tout cas, je ne le vois pas comme un sujet de motivation suppl\u00e9mentaire. Cela d\u00e9montre que les joueurs qui viennent de l\u2019HotelPlanner Tour sont pr\u00eats et prouvent la force de ce circuit. On peut donc \u00eatre fier de cela.<\/p>\n<p><strong>2025, c\u2019est en tout cas la bonne ann\u00e9e pour monter car fin 2026, il n\u2019y aura plus que 15 places en jeu pour l\u2019ann\u00e9e suivante\u2026<\/strong><br \/>Oui, et seulement le top 100 gardera sa carte pour 2027 sur le Tour europ\u00e9en. Quoiqu\u2019il arrive, il faut \u00eatre bon. Il faut bien jouer. Mais c\u2019est vrai aussi que c\u2019est plus facile de monter avec 20 spots qu\u2019avec 15.<\/p>\n<p><strong>Vous \u00eates-vous d\u00e9j\u00e0 un peu projet\u00e9 sur cette saison 2025-26 sur le DP World Tour\u00a0?<\/strong><br \/>Pas du tout\u00a0!<\/p>\n<p><strong>Serez-vous en Australie pour l\u2019ouverture de la saison \u00e0 la fin du mois de novembre\u00a0?<\/strong><br \/>C\u2019est le premier point d\u2019interrogation. Pour l\u2019instant, je suis plut\u00f4t pour ne pas aller l\u00e0-bas. Mais je ne suis pas encore 100 % d\u00e9cid\u00e9. J\u2019aurais bien voulu aller \u00e0 <strong>Leopard Creek<\/strong> pour l&rsquo;<strong>Alfred Dunhill Championship<\/strong> (11-14 d\u00e9cembre) mais on joue cette ann\u00e9e \u00e0 Johannesburg.<\/p>\n<p><strong>Savez-vous au moins combien de tournois vous allez jouer sur le DP World Tour\u00a0?<\/strong><br \/>Cette ann\u00e9e, je m\u2019\u00e9tais dit que je ferai des encha\u00eenements de quatre semaines et au final, je me suis retrouv\u00e9 \u00e0 faire un encha\u00eenement de sept semaines en fin de saison\u2026 Je pense que le calendrier du Tour est un peu mieux \u00ab\u00a0organis\u00e9\u00a0\u00bb que celui de l\u2019HotelPlanner Tour. On a un peu plus de pauses naturelles mais essayer de jouer le plus possible, ce n\u2019est pas forc\u00e9ment la meilleure strat\u00e9gie. Pourtant, je suis quelqu\u2019un qui joue beaucoup (Ndlr, 26 tournois jou\u00e9s avant la finale de Majorque). Je vais essayer de faire quelque chose qui aura du sens.<\/p>\n","protected":false},"excerpt":{"rendered":"L\u2019exemple de Martin Couvra, arriv\u00e9 cette ann\u00e9e sur le Tour via le Challenge Tour 2024 et \u00e0 la&hellip;\n","protected":false},"author":2,"featured_media":498089,"comment_status":"","ping_status":"","sticky":false,"template":"","format":"standard","meta":{"footnotes":""},"categories":[1418],"tags":[1011,27,1472,60],"class_list":{"0":"post-498088","1":"post","2":"type-post","3":"status-publish","4":"format-standard","5":"has-post-thumbnail","7":"category-golf","8":"tag-fr","9":"tag-france","10":"tag-golf","11":"tag-sports"},"share_on_mastodon":{"url":"https:\/\/pubeurope.com\/@fr\/115458516291446056","error":""},"_links":{"self":[{"href":"https:\/\/www.europesays.com\/fr\/wp-json\/wp\/v2\/posts\/498088","targetHints":{"allow":["GET"]}}],"collection":[{"href":"https:\/\/www.europesays.com\/fr\/wp-json\/wp\/v2\/posts"}],"about":[{"href":"https:\/\/www.europesays.com\/fr\/wp-json\/wp\/v2\/types\/post"}],"author":[{"embeddable":true,"href":"https:\/\/www.europesays.com\/fr\/wp-json\/wp\/v2\/users\/2"}],"replies":[{"embeddable":true,"href":"https:\/\/www.europesays.com\/fr\/wp-json\/wp\/v2\/comments?post=498088"}],"version-history":[{"count":0,"href":"https:\/\/www.europesays.com\/fr\/wp-json\/wp\/v2\/posts\/498088\/revisions"}],"wp:featuredmedia":[{"embeddable":true,"href":"https:\/\/www.europesays.com\/fr\/wp-json\/wp\/v2\/media\/498089"}],"wp:attachment":[{"href":"https:\/\/www.europesays.com\/fr\/wp-json\/wp\/v2\/media?parent=498088"}],"wp:term":[{"taxonomy":"category","embeddable":true,"href":"https:\/\/www.europesays.com\/fr\/wp-json\/wp\/v2\/categories?post=498088"},{"taxonomy":"post_tag","embeddable":true,"href":"https:\/\/www.europesays.com\/fr\/wp-json\/wp\/v2\/tags?post=498088"}],"curies":[{"name":"wp","href":"https:\/\/api.w.org\/{rel}","templated":true}]}}