{"id":498090,"date":"2025-10-29T16:58:10","date_gmt":"2025-10-29T16:58:10","guid":{"rendered":"https:\/\/www.europesays.com\/fr\/498090\/"},"modified":"2025-10-29T16:58:10","modified_gmt":"2025-10-29T16:58:10","slug":"tanja-huberli-doit-renoncer-rts","status":"publish","type":"post","link":"https:\/\/www.europesays.com\/fr\/498090\/","title":{"rendered":"Tanja H\u00fcberli doit renoncer | RTS"},"content":{"rendered":"\n<p>Tanja H\u00fcberli doit renoncer au championnat du monde \u00e0 Adela\u00efde (14 au 23 novembre). La Zurichoise n&rsquo;est pas remise d&rsquo;une op\u00e9ration \u00e0 la cheville subie \u00e0 la mi-ao\u00fbt.<\/p>\n<p>Sa partenaire habituelle, Leona Kernen, se rendra quand m\u00eame en Australie et jouera avec Annique Niederhauser. \u00ab\u00a0Cette d\u00e9cision a \u00e9t\u00e9 tr\u00e8s difficile \u00e0 prendre. Mais actuellement, je ne suis pas au niveau requis pour participer \u00e0 un championnat du monde. Mon pied ne me permet pas encore d&rsquo;effectuer certains mouvements dans le sable et le risque de nouvelle blessure serait trop \u00e9lev\u00e9\u00a0\u00bb, a expliqu\u00e9 Tanja H\u00fcberli dans un communiqu\u00e9 de Swiss Volley.<\/p>\n<p>Contenu externe<\/p>\n<p> Ce contenu externe ne peut pas \u00eatre affich\u00e9 car il est susceptible de collecter des donn\u00e9es personnelles. Pour voir ce contenu vous devez autoriser la cat\u00e9gorie <strong>R\u00e9seaux sociaux<\/strong>. <\/p>\n<p> Accepter Plus d&rsquo;info <\/p>\n<p class=\"sources\">ats\/efas<\/p>\n<p>   Publi\u00e9  \u00e0 15:45   Modifi\u00e9  \u00e0 15:47  <\/p>\n","protected":false},"excerpt":{"rendered":"Tanja H\u00fcberli doit renoncer au championnat du monde \u00e0 Adela\u00efde (14 au 23 novembre). La Zurichoise n&rsquo;est pas&hellip;\n","protected":false},"author":2,"featured_media":498091,"comment_status":"","ping_status":"","sticky":false,"template":"","format":"standard","meta":{"footnotes":""},"categories":[1417],"tags":[5035,3062,27306,1011,27,27307,31754,4510,517,60,62058,27311,1470,1632,1469,35042],"class_list":{"0":"post-498090","1":"post","2":"type-post","3":"status-publish","4":"format-standard","5":"has-post-thumbnail","7":"category-volley","8":"tag-australie","9":"tag-autres-sports","10":"tag-beach-volley","11":"tag-fr","12":"tag-france","13":"tag-leona-kernen","14":"tag-publication","15":"tag-risque","16":"tag-sport","17":"tag-sports","18":"tag-swiss-volley","19":"tag-tanja-huberli","20":"tag-volley","21":"tag-volley-ball","22":"tag-volleyball","23":"tag-zurich"},"share_on_mastodon":{"url":"https:\/\/pubeurope.com\/@fr\/115458520207994263","error":""},"_links":{"self":[{"href":"https:\/\/www.europesays.com\/fr\/wp-json\/wp\/v2\/posts\/498090","targetHints":{"allow":["GET"]}}],"collection":[{"href":"https:\/\/www.europesays.com\/fr\/wp-json\/wp\/v2\/posts"}],"about":[{"href":"https:\/\/www.europesays.com\/fr\/wp-json\/wp\/v2\/types\/post"}],"author":[{"embeddable":true,"href":"https:\/\/www.europesays.com\/fr\/wp-json\/wp\/v2\/users\/2"}],"replies":[{"embeddable":true,"href":"https:\/\/www.europesays.com\/fr\/wp-json\/wp\/v2\/comments?post=498090"}],"version-history":[{"count":0,"href":"https:\/\/www.europesays.com\/fr\/wp-json\/wp\/v2\/posts\/498090\/revisions"}],"wp:featuredmedia":[{"embeddable":true,"href":"https:\/\/www.europesays.com\/fr\/wp-json\/wp\/v2\/media\/498091"}],"wp:attachment":[{"href":"https:\/\/www.europesays.com\/fr\/wp-json\/wp\/v2\/media?parent=498090"}],"wp:term":[{"taxonomy":"category","embeddable":true,"href":"https:\/\/www.europesays.com\/fr\/wp-json\/wp\/v2\/categories?post=498090"},{"taxonomy":"post_tag","embeddable":true,"href":"https:\/\/www.europesays.com\/fr\/wp-json\/wp\/v2\/tags?post=498090"}],"curies":[{"name":"wp","href":"https:\/\/api.w.org\/{rel}","templated":true}]}}