{"id":498094,"date":"2025-10-29T17:00:16","date_gmt":"2025-10-29T17:00:16","guid":{"rendered":"https:\/\/www.europesays.com\/fr\/498094\/"},"modified":"2025-10-29T17:00:16","modified_gmt":"2025-10-29T17:00:16","slug":"auger-aliassime-sauve-sa-peau-apres-3h-de-combat-et-fait-taire-la-foule","status":"publish","type":"post","link":"https:\/\/www.europesays.com\/fr\/498094\/","title":{"rendered":"Auger-Aliassime sauve sa peau apr\u00e8s 3h de combat et fait taire la foule !"},"content":{"rendered":"<p>                <img decoding=\"async\" src=\"https:\/\/www.europesays.com\/fr\/wp-content\/uploads\/2025\/10\/ZFDc.jpg\" fetchpriority=\"high\" alt=\"ATP Paris : Auger-Aliassime sauve sa peau apr\u00e8s 3h de combat et fait taire la foule !\"\/><\/p>\n<p>Dans un Court 1 en fusion, Auger-Aliassime a r\u00e9sist\u00e9 pour s\u2019imposer face \u00e0 un Alexandre M\u00fcller, \u00e0 deux points de conclure.<\/p>\n<p>Pendant plus de trois heures, Alexandre M\u00fcller et F\u00e9lix Auger-Aliassime se sont livr\u00e9s un bras de fer d\u2019une grande intensit\u00e9. Et quand la poussi\u00e8re est retomb\u00e9e, c\u2019est bien le Canadien qui a lev\u00e9 les bras au ciel : 5-7, 7-6(5), 7-6(4).<\/p>\n<p>Mais la sc\u00e8ne la plus marquante s\u2019est produite juste apr\u00e8s la balle de match, o\u00f9 F\u00e9lix Auger-Aliassime a c\u00e9l\u00e9br\u00e9 sa victoire face \u00e0 un public acquis \u00e0 son adversaire.<\/p>\n<p>Le Canadien, neuvi\u00e8me t\u00eate de s\u00e9rie, poursuit ainsi sa remont\u00e9e fulgurante vers les ATP Finals de Turin, d\u00e9sormais \u00e0 moins de 400 points de Lorenzo Musetti, huiti\u00e8me \u00e0 la Race.<\/p>\n<p>Face \u00e0 un adversaire solide, Alexandre M\u00fcller (n\u00b044 mondial) a flirt\u00e9 avec l\u2019exploit. Pouss\u00e9 par le public, le Fran\u00e7ais a men\u00e9 un set \u00e0 z\u00e9ro et a longtemps fait douter son rival. Il menait notamment 3-0 dans le tie-break du dernier set.<\/p>\n<p>Avec cette victoire, F\u00e9lix Auger-Aliassime prolonge sa belle s\u00e9rie contre les Fran\u00e7ais : 9 victoires cons\u00e9cutives contre des joueurs tricolores sur le sol fran\u00e7ais. Depuis 2020, aucun joueur tricolore n\u2019a r\u00e9ussi \u00e0 le battre \u00e0 domicile.<\/p>\n<p><strong>Prochain match : il jouera l\u2019Allemand Altmaier pour une place en quart de finale.<\/strong><\/p>\n","protected":false},"excerpt":{"rendered":"Dans un Court 1 en fusion, Auger-Aliassime a r\u00e9sist\u00e9 pour s\u2019imposer face \u00e0 un Alexandre M\u00fcller, \u00e0 deux&hellip;\n","protected":false},"author":2,"featured_media":498095,"comment_status":"","ping_status":"","sticky":false,"template":"","format":"standard","meta":{"footnotes":""},"categories":[1415],"tags":[1011,27,60,1467],"class_list":{"0":"post-498094","1":"post","2":"type-post","3":"status-publish","4":"format-standard","5":"has-post-thumbnail","7":"category-tennis","8":"tag-fr","9":"tag-france","10":"tag-sports","11":"tag-tennis"},"share_on_mastodon":{"url":"https:\/\/pubeurope.com\/@fr\/115458528538219107","error":""},"_links":{"self":[{"href":"https:\/\/www.europesays.com\/fr\/wp-json\/wp\/v2\/posts\/498094","targetHints":{"allow":["GET"]}}],"collection":[{"href":"https:\/\/www.europesays.com\/fr\/wp-json\/wp\/v2\/posts"}],"about":[{"href":"https:\/\/www.europesays.com\/fr\/wp-json\/wp\/v2\/types\/post"}],"author":[{"embeddable":true,"href":"https:\/\/www.europesays.com\/fr\/wp-json\/wp\/v2\/users\/2"}],"replies":[{"embeddable":true,"href":"https:\/\/www.europesays.com\/fr\/wp-json\/wp\/v2\/comments?post=498094"}],"version-history":[{"count":0,"href":"https:\/\/www.europesays.com\/fr\/wp-json\/wp\/v2\/posts\/498094\/revisions"}],"wp:featuredmedia":[{"embeddable":true,"href":"https:\/\/www.europesays.com\/fr\/wp-json\/wp\/v2\/media\/498095"}],"wp:attachment":[{"href":"https:\/\/www.europesays.com\/fr\/wp-json\/wp\/v2\/media?parent=498094"}],"wp:term":[{"taxonomy":"category","embeddable":true,"href":"https:\/\/www.europesays.com\/fr\/wp-json\/wp\/v2\/categories?post=498094"},{"taxonomy":"post_tag","embeddable":true,"href":"https:\/\/www.europesays.com\/fr\/wp-json\/wp\/v2\/tags?post=498094"}],"curies":[{"name":"wp","href":"https:\/\/api.w.org\/{rel}","templated":true}]}}