{"id":49810,"date":"2025-04-24T18:30:08","date_gmt":"2025-04-24T18:30:08","guid":{"rendered":"https:\/\/www.europesays.com\/fr\/49810\/"},"modified":"2025-04-24T18:30:08","modified_gmt":"2025-04-24T18:30:08","slug":"ski-margot-simond-championne-de-france-junior-meurt-a-18-ans-lors-dun-entrainement-a-val-disere","status":"publish","type":"post","link":"https:\/\/www.europesays.com\/fr\/49810\/","title":{"rendered":"Ski\u00a0: Margot Simond, championne de France junior, meurt \u00e0 18 ans lors d\u2019un entra\u00eenement \u00e0 Val d\u2019Is\u00e8re"},"content":{"rendered":"<p class=\"paragraph text_align_left\">Le monde du ski en deuil apr\u00e8s la disparition tragique d\u2019une jeune espoir de la discipline. Margot Simond, championne de France de slalom junior, est morte ce jeudi des suites d\u2019un accident lors d\u2019un entra\u00eenement \u00e0 <a href=\"https:\/\/www.leparisien.fr\/faits-divers\/val-disere-deux-ados-de-12-et-17-ans-skiant-hors-piste-avec-leur-pere-blesses-dans-une-avalanche-23-12-2024-NEF5Y2CAONB6TMNCVLKCNISMFQ.php\" target=\"_blank\" rel=\"nofollow noopener\">Val d\u2019Is\u00e8re<\/a>, en Savoie, selon le service des pistes de la station.<\/p>\n<p class=\"paragraph text_align_left\">\u00ab\u00a0C\u2019est avec la plus grande tristesse que nous apprenons la mort de la jeune athl\u00e8te talentueuse Margot Simond\u00a0\u00bb, indique le service des pistes, cit\u00e9 par nos confr\u00e8res de <a href=\"https:\/\/france3-regions.francetvinfo.fr\/auvergne-rhone-alpes\/savoie\/une-jeune-championne-de-ski-meurt-dans-un-accident-lors-d-un-entrainement-a-val-d-isere-3143747.html\" target=\"_blank\" rel=\"nofollow noopener\">France\u00a03<\/a>. L\u2019accident est survenu peu avant 13\u00a0heures, alors que la skieuse s\u2019entra\u00eenait au domaine de l\u2019Envers de Bellevarde, en vue de l\u2019\u00e9v\u00e8nement <a href=\"https:\/\/www.redbull.com\/fr-fr\/events\/red-bull-alpine-park\" target=\"_blank\" rel=\"nofollow noopener\">Red Bull Alpine Park<\/a>, qui devait se tenir le 27\u00a0avril.<\/p>\n<p>Enqu\u00eate ouverte<\/p>\n<p class=\"paragraph text_align_left\">La jeune femme a \u00e9t\u00e9 victime d\u2019une \u00ab\u00a0chute\u00a0\u00bb, pr\u00e9cise le parquet d\u2019Albertville aupr\u00e8s d\u2019<a href=\"https:\/\/www.francebleu.fr\/infos\/faits-divers-justice\/savoie-la-jeune-skieuse-margot-simond-decede-lors-d-un-entrainement-a-val-d-isere-9704370\" target=\"_blank\" rel=\"nofollow noopener\">Ici<\/a> (ex-France Bleu). Malgr\u00e9 l\u2019intervention d\u2019un m\u00e9decin urgentiste, peu de temps apr\u00e8s l\u2019accident, Margot Simond n\u2019a pas pu \u00eatre r\u00e9anim\u00e9e, d\u2019apr\u00e8s le service des secours de Val d\u2019Is\u00e8re. Une enqu\u00eate a \u00e9t\u00e9 ouverte pour pr\u00e9ciser les circonstances de l\u2019accident.<\/p>\n<p class=\"paragraph text_align_left\">Margot Dumond devait participer en tant que \u00ab\u00a0rookie\u00a0\u00bb (une s\u00e9lection d\u2019athl\u00e8tes d\u00e9butants) au Red Bull Alpine Park, \u00e9v\u00e8nement qui r\u00e9unit plusieurs des meilleurs skieurs mondiaux comme <a href=\"https:\/\/www.leparisien.fr\/sports\/ski\/porte-drapeau-ce-serait-classe-pour-le-slalomeur-clement-noel-les-jo-dhiver-2026-cest-deja-demain-11-04-2025-32NXOGUTJJEH3GD2SZHNIV4U5U.php\" target=\"_blank\" rel=\"nofollow noopener\">Cl\u00e9ment Noel<\/a>, <a href=\"https:\/\/www.leparisien.fr\/sports\/ski\/jaime-la-f1-de-ces-annees-la-pourquoi-le-skieur-steven-amiez-porte-un-casque-en-hommage-a-alain-prost-16-02-2025-3JNY27SJHNHC7MVYB56V46T35I.php\" target=\"_blank\" rel=\"nofollow noopener\">Steven Amiez<\/a> ou encore Marie Lamure.<\/p>\n<p class=\"paragraph text_align_left\">Margot Simond \u00e9tait licenci\u00e9e depuis quatre ans au club des Saisies, apr\u00e8s avoir d\u00e9but\u00e9 aux Aillons-Marg\u00e9riaz. En mars dernier, la Savoyarde avait \u00e9t\u00e9 sacr\u00e9e championne de France U18 de slalom dans la station des Menuires, apr\u00e8s avoir laiss\u00e9 ses concurrentes a plus d\u2019une seconde et demie derri\u00e8re elle.<\/p>\n","protected":false},"excerpt":{"rendered":"Le monde du ski en deuil apr\u00e8s la disparition tragique d\u2019une jeune espoir de la discipline. Margot Simond,&hellip;\n","protected":false},"author":2,"featured_media":49811,"comment_status":"","ping_status":"","sticky":false,"template":"","format":"standard","meta":{"footnotes":""},"categories":[4],"tags":[11,459,1011,27,12,25,4129,60],"class_list":{"0":"post-49810","1":"post","2":"type-post","3":"status-publish","4":"format-standard","5":"has-post-thumbnail","7":"category-france","8":"tag-actualites","9":"tag-departements-horsidfo","10":"tag-fr","11":"tag-france","12":"tag-news","13":"tag-republique-francaise","14":"tag-ski","15":"tag-sports"},"share_on_mastodon":{"url":"https:\/\/pubeurope.com\/@fr\/114394367447710851","error":""},"_links":{"self":[{"href":"https:\/\/www.europesays.com\/fr\/wp-json\/wp\/v2\/posts\/49810","targetHints":{"allow":["GET"]}}],"collection":[{"href":"https:\/\/www.europesays.com\/fr\/wp-json\/wp\/v2\/posts"}],"about":[{"href":"https:\/\/www.europesays.com\/fr\/wp-json\/wp\/v2\/types\/post"}],"author":[{"embeddable":true,"href":"https:\/\/www.europesays.com\/fr\/wp-json\/wp\/v2\/users\/2"}],"replies":[{"embeddable":true,"href":"https:\/\/www.europesays.com\/fr\/wp-json\/wp\/v2\/comments?post=49810"}],"version-history":[{"count":0,"href":"https:\/\/www.europesays.com\/fr\/wp-json\/wp\/v2\/posts\/49810\/revisions"}],"wp:featuredmedia":[{"embeddable":true,"href":"https:\/\/www.europesays.com\/fr\/wp-json\/wp\/v2\/media\/49811"}],"wp:attachment":[{"href":"https:\/\/www.europesays.com\/fr\/wp-json\/wp\/v2\/media?parent=49810"}],"wp:term":[{"taxonomy":"category","embeddable":true,"href":"https:\/\/www.europesays.com\/fr\/wp-json\/wp\/v2\/categories?post=49810"},{"taxonomy":"post_tag","embeddable":true,"href":"https:\/\/www.europesays.com\/fr\/wp-json\/wp\/v2\/tags?post=49810"}],"curies":[{"name":"wp","href":"https:\/\/api.w.org\/{rel}","templated":true}]}}