{"id":498100,"date":"2025-10-29T17:06:10","date_gmt":"2025-10-29T17:06:10","guid":{"rendered":"https:\/\/www.europesays.com\/fr\/498100\/"},"modified":"2025-10-29T17:06:10","modified_gmt":"2025-10-29T17:06:10","slug":"je-naime-pas-sylvie-vartan-quitte-la-france-pour-la-bulgarie","status":"publish","type":"post","link":"https:\/\/www.europesays.com\/fr\/498100\/","title":{"rendered":"\u00ab\u00a0Je n\u2019aime pas\u00a0\u00bb, Sylvie Vartan quitte la France pour la Bulgarie"},"content":{"rendered":"<p>      R\u00e9sum\u00e9<\/p>\n<p>\u00c0 80 ans, Sylvie Vartan est retourn\u00e9e en Bulgarie, pays natal, pour une projection \u00e9mouvante retra\u00e7ant son parcours, marquant un nouveau chapitre de sa vie centr\u00e9 sur ses racines.<\/p>\n<p>        Sommaire<\/p>\n<p>Un voyage plein d\u2019\u00e9motions pour une ic\u00f4ne de la chanson fran\u00e7aise. Comme l\u2019a rapport\u00e9 TV5 Monde ce mercredi 29 octobre, <a href=\"https:\/\/www.public.fr\/sylvie-vartan-et-tony-scotti-lenorme-deconvenue-leur-voyage-en-bulgarie-vire-au-cauchemar\" target=\"_blank\" rel=\"noopener\">Sylvie Vartan est retourn\u00e9e en Bulgarie<\/a>, son pays natal, pour assister \u00e0 la projection d\u2019un documentaire bouleversant qui lui est consacr\u00e9. L\u2019\u00e9v\u00e9nement, organis\u00e9 dans la grande salle du Palais national de la culture \u00e0 Sofia, a r\u00e9uni de nombreux admirateurs venus c\u00e9l\u00e9brer celle qui reste, pour beaucoup, une l\u00e9gende vivante.<\/p>\n<p>\u00c0 80 ans, la chanteuse a retrouv\u00e9 la terre de son enfance, <strong>l\u00e0 o\u00f9 tout a commenc\u00e9<\/strong>. N\u00e9e \u00e0 Iskrets, en 1944, Sylvie Vartan a fui la Bulgarie stalinienne avec sa famille en 1952, alors qu\u2019elle n\u2019\u00e9tait qu\u2019une petite fille. Devant le public bulgare, tr\u00e8s \u00e9mu, l\u2019\u00e9pouse de <strong>Tony Scotti<\/strong> est revenue sur cette p\u00e9riode marquante de sa vie, \u00e9voquant des souvenirs encore tr\u00e8s vifs dans son esprit.<\/p>\n<p>Des souvenirs d\u2019enfance qui la hantent encore<\/p>\n<p>Lors de cette soir\u00e9e exceptionnelle, Sylvie Vartan a racont\u00e9 avec pudeur un moment d\u00e9chirant : celui de sa s\u00e9paration avec son grand-p\u00e8re, rest\u00e9 en Bulgarie. \u00ab\u00a0Je me souviens tr\u00e8s bien de lui courant derri\u00e8re le train, agitant son mouchoir pour me dire au revoir\u2026 C\u2019est la derni\u00e8re image que j\u2019ai de lui\u00a0\u00bb, a-t-elle confi\u00e9, les larmes aux yeux.<\/p>\n<p>Une sc\u00e8ne qu\u2019elle n\u2019a jamais oubli\u00e9e et qui, selon elle, a fa\u00e7onn\u00e9 sa personnalit\u00e9 : \u00ab\u00a0Depuis, <strong>je n\u2019aime pas les d\u00e9parts<\/strong>. O\u00f9 que je sois, je n\u2019aime pas partir\u00a0\u00bb, a-t-elle avou\u00e9.<\/p>\n<p>Ces mots, simples et sinc\u00e8res, ont touch\u00e9 le public pr\u00e9sent, conscient d\u2019assister \u00e0 un moment rare, presque intime. Car au-del\u00e0 de la star adul\u00e9e des ann\u00e9es y\u00e9y\u00e9, Sylvie Vartan reste avant tout <a href=\"https:\/\/www.public.fr\/sylvie-vartan-une-maladie-incurable-tout-son-clan-sous-le-choc\" target=\"_blank\" rel=\"noopener\"><strong>une femme profond\u00e9ment attach\u00e9e \u00e0 ses racines<\/strong>.<\/a><\/p>\n<p>Une nouvelle page en Bulgarie <\/p>\n<p>Selon ses proches, ce s\u00e9jour aurait marqu\u00e9 un v\u00e9ritable tournant dans la vie de la chanteuse. Lass\u00e9e des allers-retours entre la France et les \u00c9tats-Unis, Sylvie aurait exprim\u00e9 le souhait de passer davantage de temps en Bulgarie, pour se rapprocher de ses racines et de ce pass\u00e9 qui ne l\u2019a jamais quitt\u00e9e.<\/p>\n<p>\u00ab\u00a0C\u2019est ici que je me sens apais\u00e9e. Je retrouve des visages, des lieux, des sons familiers\u00a0\u00bb, aurait-elle confi\u00e9 en coulisses. Un choix de c\u0153ur, mais aussi de s\u00e9r\u00e9nit\u00e9. Car apr\u00e8s des d\u00e9cennies de tourn\u00e9es, de plateaux t\u00e9l\u00e9 et d\u2019interviews, Sylvie aspire d\u00e9sormais \u00e0 <strong>plus de calme et d\u2019authenticit\u00e9<\/strong>. La Bulgarie, avec sa douceur et sa m\u00e9moire, semble \u00eatre devenue son refuge. <\/p>\n<p>\n          Hits &amp; People en continu\n        <\/p>\n<p>\n          Public Radio\n        <\/p>\n<p>      Mentionn\u00e9s dans cet article<\/p>\n<p>      Sur le m\u00eame sujet<\/p>\n","protected":false},"excerpt":{"rendered":"R\u00e9sum\u00e9 \u00c0 80 ans, Sylvie Vartan est retourn\u00e9e en Bulgarie, pays natal, pour une projection \u00e9mouvante retra\u00e7ant son&hellip;\n","protected":false},"author":2,"featured_media":498101,"comment_status":"","ping_status":"","sticky":false,"template":"","format":"standard","meta":{"footnotes":""},"categories":[1359],"tags":[9043,58,1190,59,1011,27,973,7409],"class_list":{"0":"post-498100","1":"post","2":"type-post","3":"status-publish","4":"format-standard","5":"has-post-thumbnail","7":"category-people","8":"tag-bulgarie","9":"tag-divertissement","10":"tag-documentaire","11":"tag-entertainment","12":"tag-fr","13":"tag-france","14":"tag-people","15":"tag-sylvie-vartan"},"share_on_mastodon":{"url":"https:\/\/pubeurope.com\/@fr\/115458551531972692","error":""},"_links":{"self":[{"href":"https:\/\/www.europesays.com\/fr\/wp-json\/wp\/v2\/posts\/498100","targetHints":{"allow":["GET"]}}],"collection":[{"href":"https:\/\/www.europesays.com\/fr\/wp-json\/wp\/v2\/posts"}],"about":[{"href":"https:\/\/www.europesays.com\/fr\/wp-json\/wp\/v2\/types\/post"}],"author":[{"embeddable":true,"href":"https:\/\/www.europesays.com\/fr\/wp-json\/wp\/v2\/users\/2"}],"replies":[{"embeddable":true,"href":"https:\/\/www.europesays.com\/fr\/wp-json\/wp\/v2\/comments?post=498100"}],"version-history":[{"count":0,"href":"https:\/\/www.europesays.com\/fr\/wp-json\/wp\/v2\/posts\/498100\/revisions"}],"wp:featuredmedia":[{"embeddable":true,"href":"https:\/\/www.europesays.com\/fr\/wp-json\/wp\/v2\/media\/498101"}],"wp:attachment":[{"href":"https:\/\/www.europesays.com\/fr\/wp-json\/wp\/v2\/media?parent=498100"}],"wp:term":[{"taxonomy":"category","embeddable":true,"href":"https:\/\/www.europesays.com\/fr\/wp-json\/wp\/v2\/categories?post=498100"},{"taxonomy":"post_tag","embeddable":true,"href":"https:\/\/www.europesays.com\/fr\/wp-json\/wp\/v2\/tags?post=498100"}],"curies":[{"name":"wp","href":"https:\/\/api.w.org\/{rel}","templated":true}]}}