{"id":498108,"date":"2025-10-29T17:11:15","date_gmt":"2025-10-29T17:11:15","guid":{"rendered":"https:\/\/www.europesays.com\/fr\/498108\/"},"modified":"2025-10-29T17:11:15","modified_gmt":"2025-10-29T17:11:15","slug":"la-tour-de-glace-le-retour-de-la-reine-des-neiges-en-version-adultes-avec-une-glaciale-marion-cotillard","status":"publish","type":"post","link":"https:\/\/www.europesays.com\/fr\/498108\/","title":{"rendered":"\u00abLa Tour de glace\u00bb: le retour de \u00abLa Reine des neiges\u00bb en version adultes, avec une glaciale Marion Cotillard"},"content":{"rendered":"<p>Peu de cin\u00e9astes peuvent se targuer d\u2019avoir d\u00e9velopp\u00e9 un style aussi raffin\u00e9 que celui de Lucile Hadzihalilovic. Apr\u00e8s vingt ans de confidentialit\u00e9 \u00abculte\u00bb cantonn\u00e9e aux festivals, peut-\u00eatre serait-il temps pour un plus large public de d\u00e9couvrir cette cin\u00e9aste fran\u00e7aise au patronyme bosniaque? Les distributeurs \u00e9tant peut-\u00eatre refroidis par le petit millier d\u2019entr\u00e9es engrang\u00e9es par son chef-d\u2019\u0153uvre inaugural, Innocence (2004, d\u00e9j\u00e0 avec Marion Cotillard), on peut n\u00e9anmoins heureusement d\u00e9couvrir son quatri\u00e8me long m\u00e9trage en importation directe aux Cin\u00e9mas du Gr\u00fctli, \u00e0 Gen\u00e8ve, et au Cin\u00e9matographe, \u00e0 Lausanne.<\/p>\n<p>Un \u00e9crin appropri\u00e9 pour cette splendide Tour de glace qui diffracte La Reine des neiges, conte de Hans Christian Andersen, \u00e0 travers une \u00e9tonnante mise en abyme. Le film a \u00e9t\u00e9 distingu\u00e9 pour sa \u00abcontribution artistique exceptionnelle\u00bb \u00e0 la Berlinale, avant de triompher au dernier NIFFF (Neuch\u00e2tel International Fantastic Film Festival).<\/p>\n","protected":false},"excerpt":{"rendered":"Peu de cin\u00e9astes peuvent se targuer d\u2019avoir d\u00e9velopp\u00e9 un style aussi raffin\u00e9 que celui de Lucile Hadzihalilovic. Apr\u00e8s&hellip;\n","protected":false},"author":2,"featured_media":498109,"comment_status":"","ping_status":"","sticky":false,"template":"","format":"standard","meta":{"footnotes":""},"categories":[1354],"tags":[650,58,59,1346,1011,27,1360,301],"class_list":{"0":"post-498108","1":"post","2":"type-post","3":"status-publish","4":"format-standard","5":"has-post-thumbnail","7":"category-films","8":"tag-cinema","9":"tag-divertissement","10":"tag-entertainment","11":"tag-films","12":"tag-fr","13":"tag-france","14":"tag-movies","15":"tag-premium"},"share_on_mastodon":{"url":"https:\/\/pubeurope.com\/@fr\/115458571701037220","error":""},"_links":{"self":[{"href":"https:\/\/www.europesays.com\/fr\/wp-json\/wp\/v2\/posts\/498108","targetHints":{"allow":["GET"]}}],"collection":[{"href":"https:\/\/www.europesays.com\/fr\/wp-json\/wp\/v2\/posts"}],"about":[{"href":"https:\/\/www.europesays.com\/fr\/wp-json\/wp\/v2\/types\/post"}],"author":[{"embeddable":true,"href":"https:\/\/www.europesays.com\/fr\/wp-json\/wp\/v2\/users\/2"}],"replies":[{"embeddable":true,"href":"https:\/\/www.europesays.com\/fr\/wp-json\/wp\/v2\/comments?post=498108"}],"version-history":[{"count":0,"href":"https:\/\/www.europesays.com\/fr\/wp-json\/wp\/v2\/posts\/498108\/revisions"}],"wp:featuredmedia":[{"embeddable":true,"href":"https:\/\/www.europesays.com\/fr\/wp-json\/wp\/v2\/media\/498109"}],"wp:attachment":[{"href":"https:\/\/www.europesays.com\/fr\/wp-json\/wp\/v2\/media?parent=498108"}],"wp:term":[{"taxonomy":"category","embeddable":true,"href":"https:\/\/www.europesays.com\/fr\/wp-json\/wp\/v2\/categories?post=498108"},{"taxonomy":"post_tag","embeddable":true,"href":"https:\/\/www.europesays.com\/fr\/wp-json\/wp\/v2\/tags?post=498108"}],"curies":[{"name":"wp","href":"https:\/\/api.w.org\/{rel}","templated":true}]}}