{"id":498112,"date":"2025-10-29T17:13:14","date_gmt":"2025-10-29T17:13:14","guid":{"rendered":"https:\/\/www.europesays.com\/fr\/498112\/"},"modified":"2025-10-29T17:13:14","modified_gmt":"2025-10-29T17:13:14","slug":"lol-pret-a-foncer-sur-un-placardise-du-real-madrid","status":"publish","type":"post","link":"https:\/\/www.europesays.com\/fr\/498112\/","title":{"rendered":"l\u2019OL pr\u00eat \u00e0 foncer sur un placardis\u00e9 du Real Madrid ?"},"content":{"rendered":"<p>                            <img width=\"770\" height=\"433\" src=\"https:\/\/www.europesays.com\/fr\/wp-content\/uploads\/2025\/10\/MjAyNTEwOWNjYjE4NGQwZWYzYTk4NzhhYzcyYTFkYmI0MDQxODI-e1761749116468-770x433.jpeg\" class=\"attachment-article size-article wp-post-image\" alt=\"Endrick, attaquant du Real Madrid\" decoding=\"async\" fetchpriority=\"high\"  \/><\/p>\n<p>Endrick, attaquant du Real Madrid (Photo by Gokhan Taner \/ Middle East Images via AFP)<\/p>\n<p>Confront\u00e9 \u00e0 la blessure de Malick Fofana mais aussi \u00e0 un manque d\u2019options offensives, l\u2019OL pourrait bien s\u2019activer en janvier prochain. Le club lyonnais aurait entam\u00e9 des d\u00e9marches sur Endrick, en manque de temps au Real Madrid.<\/p>\n<p>Un coup dur qu\u2019il va falloir g\u00e9rer pendant trois mois. S\u2019il y aura une tr\u00eave hivernale \u00e0 la fin d\u00e9cembre, la\u00a0<a href=\"https:\/\/www.olympique-et-lyonnais.com\/ol-malick-fofana-eloigne-des-terrains-plusieurs-mois,383484.html\" target=\"_blank\" rel=\"noopener\">perte<\/a>\u00a0de Malick\u00a0<strong>Fofana<\/strong>\u00a0dimanche face \u00e0\u00a0<strong>Strasbourg<\/strong>\u00a0a donn\u00e9 un \u00e9ni\u00e8me coup derri\u00e8re la t\u00eate des Lyonnais. D\u00e9j\u00e0 limit\u00e9 sur les options offensives avec le seul Martin\u00a0<strong>Satriano<\/strong>\u00a0comme attaquant de pointe, l\u2019OL voit son meilleur \u00e9l\u00e9ment offensif faire d\u00e9faut pour de longues semaines. Avec le recrutement de Hans\u00a0<strong>Hateboer<\/strong>\u00a0comme joker et l\u2019impossibilit\u00e9 de faire appel \u00e0 un joker m\u00e9dical, la direction rhodanienne va devoir patienter jusqu\u2019au 1er janvier pour se renforcer devant. Encore faut-il que la DNCG laisse la cellule de recrutement avec les mains libres apr\u00e8s le passage d\u00e9but d\u00e9cembre\u2026<\/p>\n<p>Aucune minute depuis le d\u00e9but de la saison<\/p>\n<p>En attendant, l\u2019OL commencerait d\u00e9j\u00e0 \u00e0 avancer des pions sur certains profils. D\u2019apr\u00e8s\u00a0ESPN\u00a0et confirm\u00e9 par le journaliste italien, Fabrizio\u00a0<strong>Romano<\/strong>, les Lyonnais auraient entam\u00e9 des discussions pour signer\u00a0<strong>Endrick<\/strong>\u00a0en pr\u00eat en janvier. Rien d\u2019officiel pour le moment, mais une pr\u00e9sentation du projet au Br\u00e9silien du\u00a0<strong>Real Madrid<\/strong>. Entre une place dans le haut du tableau et la possibilit\u00e9 de jouer la Ligue Europa, Endrick peut-il se laisser s\u00e9duire ? Avec aucune minute disput\u00e9e depuis le d\u00e9but de la saison, le joueur offensif traine son spleen et cherche clairement une porte de sortie durant l\u2019hiver.<\/p>\n<blockquote class=\"twitter-tweet\" data-width=\"550\" data-dnt=\"true\">\n<p lang=\"en\" dir=\"ltr\">\ud83d\udea8\u2764\ufe0f\ud83d\udc99 Understand Olympique Lyon have started talks to sign Endrick on loan in January!<\/p>\n<p>Talks already underway with an official approach to sign the Brazilian striker on loan from Real Madrid.<\/p>\n<p>OL presented their plan to Endrick who\u2019s open to talk + assessing all options \ud83c\uddeb\ud83c\uddf7\ud83c\udde7\ud83c\uddf7 <a href=\"https:\/\/t.co\/dq2RIH34b8\">pic.twitter.com\/dq2RIH34b8<\/a><\/p>\n<p>\u2014 Fabrizio Romano (@FabrizioRomano) <a href=\"https:\/\/twitter.com\/FabrizioRomano\/status\/1983539813937721450?ref_src=twsrc%5Etfw\" target=\"_blank\" rel=\"noopener\">October 29, 2025<\/a><\/p><\/blockquote>\n<p>\t\t\t\t\t<a href=\"https:\/\/www.olympique-et-lyonnais.com\/ol-fonseca-ne-se-fait-pas-de-souci-pour-les-penalties,383652.html\" title=\"OL : Fonseca ne se fait pas de souci pour les penalties\" target=\"_blank\" rel=\"noopener\"><img loading=\"lazy\" width=\"580\" height=\"326\" src=\"https:\/\/www.europesays.com\/fr\/wp-content\/uploads\/2025\/10\/AFP__20251026__823Q2WW__v1__HighRes__FblFraLigue1LyonStrasbourg-580x326.jpg\" class=\"attachment-actularge size-actularge wp-post-image\" alt=\"Corentin Tolisso ratant son penalty lors d'OL - Strasbourg\" decoding=\"async\"  \/>\t\t\t\t\t<\/a><\/p>\n<p><script async src=\"https:\/\/platform.twitter.com\/widgets.js\" charset=\"utf-8\"><\/script><\/p>\n","protected":false},"excerpt":{"rendered":"Endrick, attaquant du Real Madrid (Photo by Gokhan Taner \/ Middle East Images via AFP) Confront\u00e9 \u00e0 la&hellip;\n","protected":false},"author":2,"featured_media":498113,"comment_status":"","ping_status":"","sticky":false,"template":"","format":"standard","meta":{"footnotes":""},"categories":[9],"tags":[1011,27,1434,241,978,60],"class_list":{"0":"post-498112","1":"post","2":"type-post","3":"status-publish","4":"format-standard","5":"has-post-thumbnail","7":"category-sports","8":"tag-fr","9":"tag-france","10":"tag-mercato","11":"tag-ol","12":"tag-olympique-lyonnais","13":"tag-sports"},"share_on_mastodon":{"url":"https:\/\/pubeurope.com\/@fr\/115458580110485230","error":""},"_links":{"self":[{"href":"https:\/\/www.europesays.com\/fr\/wp-json\/wp\/v2\/posts\/498112","targetHints":{"allow":["GET"]}}],"collection":[{"href":"https:\/\/www.europesays.com\/fr\/wp-json\/wp\/v2\/posts"}],"about":[{"href":"https:\/\/www.europesays.com\/fr\/wp-json\/wp\/v2\/types\/post"}],"author":[{"embeddable":true,"href":"https:\/\/www.europesays.com\/fr\/wp-json\/wp\/v2\/users\/2"}],"replies":[{"embeddable":true,"href":"https:\/\/www.europesays.com\/fr\/wp-json\/wp\/v2\/comments?post=498112"}],"version-history":[{"count":0,"href":"https:\/\/www.europesays.com\/fr\/wp-json\/wp\/v2\/posts\/498112\/revisions"}],"wp:featuredmedia":[{"embeddable":true,"href":"https:\/\/www.europesays.com\/fr\/wp-json\/wp\/v2\/media\/498113"}],"wp:attachment":[{"href":"https:\/\/www.europesays.com\/fr\/wp-json\/wp\/v2\/media?parent=498112"}],"wp:term":[{"taxonomy":"category","embeddable":true,"href":"https:\/\/www.europesays.com\/fr\/wp-json\/wp\/v2\/categories?post=498112"},{"taxonomy":"post_tag","embeddable":true,"href":"https:\/\/www.europesays.com\/fr\/wp-json\/wp\/v2\/tags?post=498112"}],"curies":[{"name":"wp","href":"https:\/\/api.w.org\/{rel}","templated":true}]}}