{"id":498114,"date":"2025-10-29T17:14:13","date_gmt":"2025-10-29T17:14:13","guid":{"rendered":"https:\/\/www.europesays.com\/fr\/498114\/"},"modified":"2025-10-29T17:14:13","modified_gmt":"2025-10-29T17:14:13","slug":"asterix-en-lusitanie-se-deroule-au-pays-de-la-morue-mais-va-devenir-collector-grace-a-une-boulette","status":"publish","type":"post","link":"https:\/\/www.europesays.com\/fr\/498114\/","title":{"rendered":"\u00ab\u00a0Ast\u00e9rix en Lusitanie\u00a0\u00bb se d\u00e9roule au pays de la morue mais va devenir collector gr\u00e2ce \u00e0 une boulette"},"content":{"rendered":"<p class=\"ap-StoryElement ap-StoryElement--mb ap-StoryText\"><a href=\"https:\/\/www.dhnet.be\/medias\/livresbd\/2025\/10\/23\/asterix-et-obelix-face-aux-grands-capitalix-des-gaulois-au-poil-en-lusitanie-QAFQFGF3BJGGHJPT2IOXRMKNGA\/\" target=\"_self\" rel=\"noopener\">Manifestement dop\u00e9 \u00e0 la potion magique<\/a>, le 41e album ne se vend pas comme des petits pays qu&rsquo;au Portugal. En quatre jours \u00e0 peine, il s&rsquo;en est \u00e9coul\u00e9 558 000 exemplaires rien que dans l&rsquo;Hexagone. \u00ab\u00a0L&rsquo;album signe un encore meilleur d\u00e9marrage que le quaranti\u00e8me, L&rsquo;iris blanc<a href=\"https:\/\/www.ouest-france.fr\/culture\/asterix\/asterix-bhl-et-villepin-modeles-de-vicevertus-5-choses-a-savoir-sur-le-40e-album-liris-blanc-d4a845f2-6a90-11ee-b9a5-ad1ff4e9f9fb\" target=\"_blank\" rel=\"noopener\">,<\/a> qui s&rsquo;\u00e9tait \u00e9coul\u00e9 \u00e0 510 000 exemplaires la premi\u00e8re semaine en France\u00a0\u00bb, pr\u00e9cise toujours C\u00e9leste Surugue dans Ouest France.<\/p>\n<p>Une r\u00e9f\u00e9rence \u00e0 limoger<\/p>\n<p class=\"ap-StoryElement ap-StoryElement--mb ap-StoryText\">Des albums qui pourraient devenir \u00ab\u00a0collectors\u00a0\u00bb. Plusieurs lecteurs ont en effet remarqu\u00e9 qu&rsquo;en page 28, Limoges est appel\u00e9e \u00ab\u00a0Aveustoritum\u00a0\u00bb par un l\u00e9gionnaire d\u00e9pressif, alors qu&rsquo;\u00e0 l&rsquo;\u00e9poque, la capitale de la porcelaine s&rsquo;appelait \u00ab\u00a0Augustoritum\u00a0\u00bb. Une erreur \u00e0 limoger, donc, et qui devrait \u00eatre corrig\u00e9e lors des prochains tirages. <a href=\"https:\/\/www.dhnet.be\/medias\/livresbd\/2025\/10\/23\/asterix-un-phenomene-etudie-a-luniversite-6FRF6ELLVJD35BN7IYIRVXFLVM\/\" target=\"_self\" rel=\"noopener\">De quoi rendre encore plus pr\u00e9cieux cet album<\/a> foisonnant de gags.<\/p>\n","protected":false},"excerpt":{"rendered":"Manifestement dop\u00e9 \u00e0 la potion magique, le 41e album ne se vend pas comme des petits pays qu&rsquo;au&hellip;\n","protected":false},"author":2,"featured_media":498115,"comment_status":"","ping_status":"","sticky":false,"template":"","format":"standard","meta":{"footnotes":""},"categories":[8],"tags":[60738,14103,13153,9993,62060,58,59,62059,1011,27,51315,3241,60737,6180],"class_list":{"0":"post-498114","1":"post","2":"type-post","3":"status-publish","4":"format-standard","5":"has-post-thumbnail","7":"category-divertissement","8":"tag-albert-uderzo","9":"tag-asterix","10":"tag-bande-dessinee","11":"tag-bd","12":"tag-didier-conrad","13":"tag-divertissement","14":"tag-entertainment","15":"tag-fabcaro","16":"tag-fr","17":"tag-france","18":"tag-obelix","19":"tag-record","20":"tag-rene-goscinny","21":"tag-ventes"},"share_on_mastodon":{"url":"https:\/\/pubeurope.com\/@fr\/115458583359412392","error":""},"_links":{"self":[{"href":"https:\/\/www.europesays.com\/fr\/wp-json\/wp\/v2\/posts\/498114","targetHints":{"allow":["GET"]}}],"collection":[{"href":"https:\/\/www.europesays.com\/fr\/wp-json\/wp\/v2\/posts"}],"about":[{"href":"https:\/\/www.europesays.com\/fr\/wp-json\/wp\/v2\/types\/post"}],"author":[{"embeddable":true,"href":"https:\/\/www.europesays.com\/fr\/wp-json\/wp\/v2\/users\/2"}],"replies":[{"embeddable":true,"href":"https:\/\/www.europesays.com\/fr\/wp-json\/wp\/v2\/comments?post=498114"}],"version-history":[{"count":0,"href":"https:\/\/www.europesays.com\/fr\/wp-json\/wp\/v2\/posts\/498114\/revisions"}],"wp:featuredmedia":[{"embeddable":true,"href":"https:\/\/www.europesays.com\/fr\/wp-json\/wp\/v2\/media\/498115"}],"wp:attachment":[{"href":"https:\/\/www.europesays.com\/fr\/wp-json\/wp\/v2\/media?parent=498114"}],"wp:term":[{"taxonomy":"category","embeddable":true,"href":"https:\/\/www.europesays.com\/fr\/wp-json\/wp\/v2\/categories?post=498114"},{"taxonomy":"post_tag","embeddable":true,"href":"https:\/\/www.europesays.com\/fr\/wp-json\/wp\/v2\/tags?post=498114"}],"curies":[{"name":"wp","href":"https:\/\/api.w.org\/{rel}","templated":true}]}}