{"id":498118,"date":"2025-10-29T17:16:16","date_gmt":"2025-10-29T17:16:16","guid":{"rendered":"https:\/\/www.europesays.com\/fr\/498118\/"},"modified":"2025-10-29T17:16:16","modified_gmt":"2025-10-29T17:16:16","slug":"en-2025-voici-le-salaire-quil-faut-toucher-pour-etre-considere-comme-riche-en-france","status":"publish","type":"post","link":"https:\/\/www.europesays.com\/fr\/498118\/","title":{"rendered":"En 2025, voici le salaire qu\u2019il faut toucher pour \u00eatre consid\u00e9r\u00e9 comme \u00ab riche \u00bb en France"},"content":{"rendered":"<p>C\u2019est un fait : le <strong>co\u00fbt de la vie<\/strong> est en<br \/>\nconstante augmentation ces derni\u00e8res ann\u00e9es. <a href=\"https:\/\/www.mariefrance.fr\/actualite\/societe\/mauvaise-nouvelle-pour-les-automobilistes-cette-nouvelle-taxe-du-gouvernement-sur-le-carburant-va-faire-bondir-les-prix-a-la-pompe-1212638.html\" rel=\"nofollow noopener\" target=\"_blank\"><br \/>\nL\u2019essence<\/a>, les loyers, les <a href=\"https:\/\/www.mariefrance.fr\/actualite\/societe\/linky-ce-probleme-avec-le-compteur-electrique-touche-de-plus-en-plus-de-foyers-etes-vous-concerne-1180863.html\" rel=\"nofollow noopener\" target=\"_blank\"><br \/>\nfactures d\u2019\u00e9lectricit\u00e9 et de gaz<\/a>, mais aussi le prix moyen du<br \/>\npanier de course p\u00e8sent de plus en plus sur le <strong>budget des<br \/>\nFran\u00e7ais,<\/strong> qui risquent de se serrer encore plus la<br \/>\nceinture en 2026. Les derni\u00e8res mesures annonc\u00e9es par le<br \/>\ngouvernement, dans le cadre du Budget 2026, ne vont pas non plus<br \/>\nam\u00e9liorer la situation.<\/p>\n<p>Une situation, justement, que tous les Fran\u00e7ais ne vivent pas de<br \/>\nla m\u00eame mani\u00e8re. Certains, en raison de leur <a href=\"https:\/\/www.mariefrance.fr\/actualite\/societe\/retraite-mauvaise-nouvelle-seniors-niveau-vie-va-encore-baisser-malgre-hausse-cotisations-depuis-50-ans-1133336.html\" rel=\"nofollow noopener\" target=\"_blank\"><br \/>\n<strong>niveau de vie<\/strong><\/a> plus \u00e9lev\u00e9 que la moyenne, sont<br \/>\nmoins impact\u00e9s. \u00c0 quoi les reconna\u00eet-on cependant ? Comment sait-on<br \/>\ns\u2019ils font partie de cette tranche de population cat\u00e9goris\u00e9e comme<br \/>\nriche ? Leurs possessions peuvent r\u00e9v\u00e9ler bien des choses, mais<br \/>\nc\u2019est surtout le salaire qui est \u00e9vocateur.<\/p>\n<p>Comment conna\u00eetre le statut qui nous d\u00e9finit ?<\/p>\n<p>Comment savoir \u00e0 quelle cat\u00e9gorie de population l\u2019on appartient<br \/>\n? Comment savoir si le salaire que l\u2019on touche nous classe parmi<br \/>\nles plus populaires ou parmi les plus riches ? Si le niveau de vie<br \/>\net les gal\u00e8res financi\u00e8res du quotidien peuvent donner quelques<br \/>\nid\u00e9es, seul l\u2019\u00e9tude de <a href=\"https:\/\/www.inegalites.fr\/echelle-des-revenus#:~:text=L%27Observatoire%20des%20in%C3%A9galit%C3%A9s%20fixe,les%205%20%25%20les%20plus%20riches\" target=\"_blank\" rel=\"nofollow noopener\"><strong>l\u2019Observatoire des<br \/>\nin\u00e9galit\u00e9s<\/strong><\/a> peut donner une r\u00e9ponse pr\u00e9cise. Dans son<br \/>\nrapport, qui s&rsquo;appuie sur les chiffres officiels du gouvernement,<br \/>\ntous les revenus des Fran\u00e7ais sont analys\u00e9s (qu\u2019il s\u2019agisse de ceux<br \/>\nqui per\u00e7oivent le RSA ou des plus hauts revenus) pour donner une<br \/>\nr\u00e9ponse (gr\u00e2ce aux donn\u00e9es r\u00e9colt\u00e9es aupr\u00e8s de l\u2019INSEE et du<br \/>\nminist\u00e8re des Solidarit\u00e9s).<\/p>\n<p>On apprend ainsi que la <strong>classe moyenne touche entre 1<br \/>\n683 et 3 119 euros nets par mois<\/strong>, que la classe populaire<br \/>\nper\u00e7oit entre 1 100 et 1 683 euros (le Smic est aujourd\u2019hui \u00e0 1<br \/>\n426,30 euros) et qu\u2019<strong>en dessous de 1100 euros de<br \/>\nrevenus<\/strong>, vous \u00eates consid\u00e9r\u00e9 comme<br \/>\n<strong>pauvre<\/strong>. Selon l\u2019Observatoire, la France compterait<br \/>\nenviron 5,4 millions de personnes vivant sous le seuil de pauvret\u00e9,<br \/>\nsi celui-ci \u00e9tait \u00e9tabli \u00e0 50 % du niveau de vie m\u00e9dian.<\/p>\n<p><img loading=\"lazy\" decoding=\"async\" aria-describedby=\"caption-attachment-1206324\" itemprop=\"thumbnailUrl\" class=\"size-full wp-image-1206324 img-responsive\" src=\"https:\/\/www.europesays.com\/fr\/wp-content\/uploads\/2025\/10\/tirelire-et-euros.jpg\" alt=\"Si vous avez cette somme sur votre compte, votre banque vous classe parmi les \" riches=\"\" sans=\"\" vous=\"\" le=\"\" dire=\"\" width=\"1280\" height=\"720\"\/> \u00a9 Shutterstock<\/p>\n<p id=\"caption-attachment-1206324\" class=\"wp-caption-text\">Tirelire<br \/>\net euros<\/p>\n<p>Quel salaire pour \u00eatre consid\u00e9r\u00e9 comme<br \/>\n\u00e9tant riche en France ?<\/p>\n<p>Selon l\u2019Observatoire des in\u00e9galit\u00e9s, la <strong>classe ais\u00e9e<br \/>\ntouche entre 3 119 et 4 293 euros nets par mois<\/strong> en France.<br \/>\nUne personne seule est consid\u00e9r\u00e9e comme \u00e9tant proche d\u2019y rentrer<br \/>\nlorsqu\u2019elle touche \u00e0 elle seule 3 119 euros de revenu mensuel, un<br \/>\nseuil qui correspond aux 20 % de foyers les plus riches du pays.<br \/>\nPour en faire pleinement partie cependant, un <strong>revenu net<br \/>\nmensuel de 4 293 euros<\/strong> doit \u00eatre per\u00e7u une fois les imp\u00f4ts<br \/>\net prestations sociales d\u00e9duits.<\/p>\n<p>Un niveau de vie qui place ces Fran\u00e7ais <strong>parmi les 5 %<br \/>\nles mieux r\u00e9mun\u00e9r\u00e9s<\/strong>. Parmi les plus riches, il existe l\u00e0<br \/>\nencore des \u00e9carts consid\u00e9rables. En franchissant la barre des 7 512<br \/>\neuros nets par mois, on rejoint le club tr\u00e8s s\u00e9lect du 1 % des<br \/>\nFran\u00e7ais les plus fortun\u00e9s, o\u00f9 figure notamment Bernard Arnault, le<br \/>\npatron de LVMH. Pas besoin d\u2019\u00eatre \u00e0 la t\u00eate d\u2019une \u00e9norme entreprise<br \/>\nc\u00f4t\u00e9 en Bourse pour avoir un tel salaire cependant. D\u2019apr\u00e8s Hello<br \/>\nWork, un juriste immobilier peut toucher environ 60 000 euros par<br \/>\nan, quand un architecte r\u00e9seau peut grimper \u00e0 70 000 euros.<\/p>\n","protected":false},"excerpt":{"rendered":"C\u2019est un fait : le co\u00fbt de la vie est en constante augmentation ces derni\u00e8res ann\u00e9es. L\u2019essence, les&hellip;\n","protected":false},"author":2,"featured_media":498119,"comment_status":"","ping_status":"","sticky":false,"template":"","format":"standard","meta":{"footnotes":""},"categories":[6],"tags":[35,21303,33,34,1011,27],"class_list":{"0":"post-498118","1":"post","2":"type-post","3":"status-publish","4":"format-standard","5":"has-post-thumbnail","7":"category-economie","8":"tag-business","9":"tag-buzz_nonli","10":"tag-economie","11":"tag-economy","12":"tag-fr","13":"tag-france"},"share_on_mastodon":{"url":"https:\/\/pubeurope.com\/@fr\/115458591226521391","error":""},"_links":{"self":[{"href":"https:\/\/www.europesays.com\/fr\/wp-json\/wp\/v2\/posts\/498118","targetHints":{"allow":["GET"]}}],"collection":[{"href":"https:\/\/www.europesays.com\/fr\/wp-json\/wp\/v2\/posts"}],"about":[{"href":"https:\/\/www.europesays.com\/fr\/wp-json\/wp\/v2\/types\/post"}],"author":[{"embeddable":true,"href":"https:\/\/www.europesays.com\/fr\/wp-json\/wp\/v2\/users\/2"}],"replies":[{"embeddable":true,"href":"https:\/\/www.europesays.com\/fr\/wp-json\/wp\/v2\/comments?post=498118"}],"version-history":[{"count":0,"href":"https:\/\/www.europesays.com\/fr\/wp-json\/wp\/v2\/posts\/498118\/revisions"}],"wp:featuredmedia":[{"embeddable":true,"href":"https:\/\/www.europesays.com\/fr\/wp-json\/wp\/v2\/media\/498119"}],"wp:attachment":[{"href":"https:\/\/www.europesays.com\/fr\/wp-json\/wp\/v2\/media?parent=498118"}],"wp:term":[{"taxonomy":"category","embeddable":true,"href":"https:\/\/www.europesays.com\/fr\/wp-json\/wp\/v2\/categories?post=498118"},{"taxonomy":"post_tag","embeddable":true,"href":"https:\/\/www.europesays.com\/fr\/wp-json\/wp\/v2\/tags?post=498118"}],"curies":[{"name":"wp","href":"https:\/\/api.w.org\/{rel}","templated":true}]}}