{"id":49812,"date":"2025-04-24T18:32:07","date_gmt":"2025-04-24T18:32:07","guid":{"rendered":"https:\/\/www.europesays.com\/fr\/49812\/"},"modified":"2025-04-24T18:32:07","modified_gmt":"2025-04-24T18:32:07","slug":"le-gfca-veut-prendre-la-bonne-direction-pour-sa-demi-finale-aller-contre-martigues","status":"publish","type":"post","link":"https:\/\/www.europesays.com\/fr\/49812\/","title":{"rendered":"le GFCA veut prendre la bonne direction pour sa demi-finale aller contre Martigues"},"content":{"rendered":"<p>Cette fois la formule aller-retour n&rsquo;offrira pas une seconde chance et c&rsquo;est bien ce qui rend le rendez-vous de ce soir, bien plus exaltant que ne l&rsquo;\u00e9tait le pr\u00e9c\u00e9dent en quarts.<\/p>\n<p>En r\u00e9sum\u00e9, le vainqueur mettra un pied en finale et mieux vaut que cela soit le GFCA, s&rsquo;il veut conserver l&rsquo;avantage du terrain lors d&rsquo;un \u00e9ventuel match d&rsquo;appui le 5 mai et surtout, \u00e9viter un retour en Provence dans une semaine, la trouille au ventre.<\/p>\n<p>Pour l&rsquo;heure, tout cela n&rsquo;est que des sc\u00e9narios \u00e9chafaud\u00e9s \u00e0 l&rsquo;avance, que la glorieuse incertitude du sport prend souvent un malin plaisir \u00e0 d\u00e9jouer si l&rsquo;on se rem\u00e9more les phases finales douloureuses en Ligue A (cinq demi-finales perdues entre 2013 et 2019) et les derni\u00e8res improbables, v\u00e9cues ces trois derni\u00e8res saisons en Ligue B.<\/p>\n","protected":false},"excerpt":{"rendered":"Cette fois la formule aller-retour n&rsquo;offrira pas une seconde chance et c&rsquo;est bien ce qui rend le rendez-vous&hellip;\n","protected":false},"author":2,"featured_media":49813,"comment_status":"","ping_status":"","sticky":false,"template":"","format":"standard","meta":{"footnotes":""},"categories":[1417],"tags":[17,11690,13635,1011,27,6392,471,4571,60,9870,1470,1469],"class_list":{"0":"post-49812","1":"post","2":"type-post","3":"status-publish","4":"format-standard","5":"has-post-thumbnail","7":"category-volley","8":"tag-17","9":"tag-bonne","10":"tag-direction","11":"tag-fr","12":"tag-france","13":"tag-gfca","14":"tag-pour","15":"tag-prendre","16":"tag-sports","17":"tag-veut","18":"tag-volley","19":"tag-volleyball"},"share_on_mastodon":{"url":"https:\/\/pubeurope.com\/@fr\/114394375360368582","error":""},"_links":{"self":[{"href":"https:\/\/www.europesays.com\/fr\/wp-json\/wp\/v2\/posts\/49812","targetHints":{"allow":["GET"]}}],"collection":[{"href":"https:\/\/www.europesays.com\/fr\/wp-json\/wp\/v2\/posts"}],"about":[{"href":"https:\/\/www.europesays.com\/fr\/wp-json\/wp\/v2\/types\/post"}],"author":[{"embeddable":true,"href":"https:\/\/www.europesays.com\/fr\/wp-json\/wp\/v2\/users\/2"}],"replies":[{"embeddable":true,"href":"https:\/\/www.europesays.com\/fr\/wp-json\/wp\/v2\/comments?post=49812"}],"version-history":[{"count":0,"href":"https:\/\/www.europesays.com\/fr\/wp-json\/wp\/v2\/posts\/49812\/revisions"}],"wp:featuredmedia":[{"embeddable":true,"href":"https:\/\/www.europesays.com\/fr\/wp-json\/wp\/v2\/media\/49813"}],"wp:attachment":[{"href":"https:\/\/www.europesays.com\/fr\/wp-json\/wp\/v2\/media?parent=49812"}],"wp:term":[{"taxonomy":"category","embeddable":true,"href":"https:\/\/www.europesays.com\/fr\/wp-json\/wp\/v2\/categories?post=49812"},{"taxonomy":"post_tag","embeddable":true,"href":"https:\/\/www.europesays.com\/fr\/wp-json\/wp\/v2\/tags?post=49812"}],"curies":[{"name":"wp","href":"https:\/\/api.w.org\/{rel}","templated":true}]}}