{"id":498130,"date":"2025-10-29T17:22:19","date_gmt":"2025-10-29T17:22:19","guid":{"rendered":"https:\/\/www.europesays.com\/fr\/498130\/"},"modified":"2025-10-29T17:22:19","modified_gmt":"2025-10-29T17:22:19","slug":"saint-nicolas-de-port-les-sapeurs-pompiers-courent-pour-octobre-rose","status":"publish","type":"post","link":"https:\/\/www.europesays.com\/fr\/498130\/","title":{"rendered":"Saint-Nicolas-de-Port. Les sapeurs-pompiers courent pour Octobre rose"},"content":{"rendered":"<p>L\u2019Amicale des sapeurs-pompiers de Saint-Nicolas-de-Port a organis\u00e9 une marche de 7\u00a0km au parc Alba pour Octobre rose. Ils \u00e9taient environ 60 \u00e0 venir marcher pour la bonne cause sous une m\u00e9t\u00e9o peu cl\u00e9mente. Trois cent dix euros ont \u00e9t\u00e9 r\u00e9colt\u00e9s et seront vers\u00e9s \u00e0 la Ligue contre le cancer. Cette matin\u00e9e de solidarit\u00e9, organis\u00e9e pour la 1er fois, s\u2019est d\u00e9roul\u00e9e dans la convivialit\u00e9.<\/p>\n","protected":false},"excerpt":{"rendered":"L\u2019Amicale des sapeurs-pompiers de Saint-Nicolas-de-Port a organis\u00e9 une marche de 7\u00a0km au parc Alba pour Octobre rose. Ils&hellip;\n","protected":false},"author":2,"featured_media":498131,"comment_status":"","ping_status":"","sticky":false,"template":"","format":"standard","meta":{"footnotes":""},"categories":[9635],"tags":[1111,11,9652,1704,1777,674,1011,27,775,1702,12,25,9651,71],"class_list":{"0":"post-498130","1":"post","2":"type-post","3":"status-publish","4":"format-standard","5":"has-post-thumbnail","7":"category-nancy","8":"tag-actu","9":"tag-actualites","10":"tag-cc-des-pays-du-sel-et-du-vermois-54b","11":"tag-edition-nancy-et-agglomeration","12":"tag-eu","13":"tag-europe","14":"tag-fr","15":"tag-france","16":"tag-grand-est","17":"tag-nancy","18":"tag-news","19":"tag-republique-francaise","20":"tag-saint-nicolas-de-port","21":"tag-sante"},"share_on_mastodon":{"url":"https:\/\/pubeurope.com\/@fr\/115458614543470152","error":""},"_links":{"self":[{"href":"https:\/\/www.europesays.com\/fr\/wp-json\/wp\/v2\/posts\/498130","targetHints":{"allow":["GET"]}}],"collection":[{"href":"https:\/\/www.europesays.com\/fr\/wp-json\/wp\/v2\/posts"}],"about":[{"href":"https:\/\/www.europesays.com\/fr\/wp-json\/wp\/v2\/types\/post"}],"author":[{"embeddable":true,"href":"https:\/\/www.europesays.com\/fr\/wp-json\/wp\/v2\/users\/2"}],"replies":[{"embeddable":true,"href":"https:\/\/www.europesays.com\/fr\/wp-json\/wp\/v2\/comments?post=498130"}],"version-history":[{"count":0,"href":"https:\/\/www.europesays.com\/fr\/wp-json\/wp\/v2\/posts\/498130\/revisions"}],"wp:featuredmedia":[{"embeddable":true,"href":"https:\/\/www.europesays.com\/fr\/wp-json\/wp\/v2\/media\/498131"}],"wp:attachment":[{"href":"https:\/\/www.europesays.com\/fr\/wp-json\/wp\/v2\/media?parent=498130"}],"wp:term":[{"taxonomy":"category","embeddable":true,"href":"https:\/\/www.europesays.com\/fr\/wp-json\/wp\/v2\/categories?post=498130"},{"taxonomy":"post_tag","embeddable":true,"href":"https:\/\/www.europesays.com\/fr\/wp-json\/wp\/v2\/tags?post=498130"}],"curies":[{"name":"wp","href":"https:\/\/api.w.org\/{rel}","templated":true}]}}