{"id":498132,"date":"2025-10-29T17:23:14","date_gmt":"2025-10-29T17:23:14","guid":{"rendered":"https:\/\/www.europesays.com\/fr\/498132\/"},"modified":"2025-10-29T17:23:14","modified_gmt":"2025-10-29T17:23:14","slug":"pres-de-12-000-places-vendues-en-sept-heures-pour-katy-perry-au-zenith-du-grand-nancy","status":"publish","type":"post","link":"https:\/\/www.europesays.com\/fr\/498132\/","title":{"rendered":"Pr\u00e8s de 12 000 places vendues en sept heures pour Katy Perry au Z\u00e9nith du Grand Nancy"},"content":{"rendered":"<p>Le concert de Katy Perry sera complet d&rsquo;ici peu de temps au Z\u00e9nith du Grand Nancy. Pr\u00e8s de 12 000 billets ont \u00e9t\u00e9 vendus pour le d\u00e9marrage des pr\u00e9ventes ce mercredi 29 octobre pour le concert du 12 juillet 2026.<\/p>\n<p>Pr\u00e8s de 12 000 billets ont d\u00e9j\u00e0 \u00e9t\u00e9 vendus, selon un dernier pointage des productions Label LN, pour <a class=\"IciLink ici-link IciArticleLink g-ici-body-regular-1 underline brand svelte-lu7k6w\" href=\"https:\/\/www.francebleu.fr\/infos\/culture-loisirs\/nancy-open-air-la-chanteuse-americaine-katy-perry-en-concert-en-juillet-2026-6524938\" rel=\"nofollow noopener\" target=\"_blank\">le concert de Katy Perry le 12 juillet prochain au Z\u00e9nith du Grand Nancy<\/a>. La star am\u00e9ricaine est attendue au Z\u00e9nith dans sa configuration en plein air face \u00e0 plus de 20 000 spectateurs.<\/p>\n<p>Les pr\u00e9ventes sur le site des productions Label LN ont commenc\u00e9 \u00e0 10 heures ce mercredi 29 octobre. Elles se poursuivent sur le site internet de la production avant une vente g\u00e9n\u00e9rale (s&rsquo;il reste des places ) ce vendredi \u00e0 10 heures sur les plateformes habituelles. Un d\u00e9marrage en fanfare qui a caus\u00e9 une panne momentan\u00e9e sur le site du prestataire de Label LN. Certains spectateurs ont d\u00fb contacter Label LN par mail pour obtenir des places. <strong>Un fort engouement qui n&rsquo;a pas \u00e9tonn\u00e9 Geoffrey Loegel<\/strong>, le responsable communication des productions Label LN\u00a0: \u00ab\u00a0on a vu \u00e0 l&rsquo;annonce de la date de Katy Perry un engouement assez important qu&rsquo;on n&rsquo;avait pas forc\u00e9ment eu pour Gims parce qu&rsquo;il fait des tourn\u00e9es r\u00e9guli\u00e8res. Ca rappelle l&rsquo;ann\u00e9e o\u00f9 on avait fait Muse et Maneskin, on a eu un vrai bel engouement. Nous, c&rsquo;est la premi\u00e8re fois que sur notre site internet, on vend 12 000 billets sur une journ\u00e9e\u00a0\u00bb.<\/p>\n<p>Label LN qui conseille, si vous voulez des places, de participer\u00a0<a target=\"_blank\" rel=\"nofollow noopener noreferrer\" class=\"IciLink ici-link IciArticleLink g-ici-body-regular-1 underline brand svelte-lu7k6w\" href=\"https:\/\/label-ln.trium.fr\/fr\/t\/-\/event\/63830?_gl=1*gaz3aq*_gcl_au*MTM5MDEwNTU0NC4xNzYxNzMzMzk2*_ga*ODM4NDkzNTgyLjE3NjE3MzMzOTY.*_ga_HJQR4PZ6EP*czE3NjE3NTc5NTAkbzQkZzAkdDE3NjE3NTc5NTAkajYwJGwwJGgxMzUyNTU3NDM5\">\u00e0 la pr\u00e9vente sur son site internet<\/a>\u00a0et de ne pas attendre l&rsquo;ouverture g\u00e9n\u00e9rale des ventes pr\u00e9vue ce vendredi 31 octobre car il n&rsquo;est pas certain qu&rsquo;il reste des places. Les prix des places vont de 62 \u00e0 144,50 euros.<\/p>\n","protected":false},"excerpt":{"rendered":"Le concert de Katy Perry sera complet d&rsquo;ici peu de temps au Z\u00e9nith du Grand Nancy. Pr\u00e8s de&hellip;\n","protected":false},"author":2,"featured_media":498133,"comment_status":"","ping_status":"","sticky":false,"template":"","format":"standard","meta":{"footnotes":""},"categories":[9635],"tags":[1111,11,1777,674,1011,27,775,1702,12,25],"class_list":{"0":"post-498132","1":"post","2":"type-post","3":"status-publish","4":"format-standard","5":"has-post-thumbnail","7":"category-nancy","8":"tag-actu","9":"tag-actualites","10":"tag-eu","11":"tag-europe","12":"tag-fr","13":"tag-france","14":"tag-grand-est","15":"tag-nancy","16":"tag-news","17":"tag-republique-francaise"},"share_on_mastodon":{"url":"https:\/\/pubeurope.com\/@fr\/115458618486914787","error":""},"_links":{"self":[{"href":"https:\/\/www.europesays.com\/fr\/wp-json\/wp\/v2\/posts\/498132","targetHints":{"allow":["GET"]}}],"collection":[{"href":"https:\/\/www.europesays.com\/fr\/wp-json\/wp\/v2\/posts"}],"about":[{"href":"https:\/\/www.europesays.com\/fr\/wp-json\/wp\/v2\/types\/post"}],"author":[{"embeddable":true,"href":"https:\/\/www.europesays.com\/fr\/wp-json\/wp\/v2\/users\/2"}],"replies":[{"embeddable":true,"href":"https:\/\/www.europesays.com\/fr\/wp-json\/wp\/v2\/comments?post=498132"}],"version-history":[{"count":0,"href":"https:\/\/www.europesays.com\/fr\/wp-json\/wp\/v2\/posts\/498132\/revisions"}],"wp:featuredmedia":[{"embeddable":true,"href":"https:\/\/www.europesays.com\/fr\/wp-json\/wp\/v2\/media\/498133"}],"wp:attachment":[{"href":"https:\/\/www.europesays.com\/fr\/wp-json\/wp\/v2\/media?parent=498132"}],"wp:term":[{"taxonomy":"category","embeddable":true,"href":"https:\/\/www.europesays.com\/fr\/wp-json\/wp\/v2\/categories?post=498132"},{"taxonomy":"post_tag","embeddable":true,"href":"https:\/\/www.europesays.com\/fr\/wp-json\/wp\/v2\/tags?post=498132"}],"curies":[{"name":"wp","href":"https:\/\/api.w.org\/{rel}","templated":true}]}}