{"id":498145,"date":"2025-10-29T17:30:19","date_gmt":"2025-10-29T17:30:19","guid":{"rendered":"https:\/\/www.europesays.com\/fr\/498145\/"},"modified":"2025-10-29T17:30:19","modified_gmt":"2025-10-29T17:30:19","slug":"grenoble-bat-un-record-national-avec-6612-logements-vides","status":"publish","type":"post","link":"https:\/\/www.europesays.com\/fr\/498145\/","title":{"rendered":"Grenoble bat un record national avec 6612 logements vides"},"content":{"rendered":"<p>\t\t\t\t\t\t\t\t\t\t\t<img loading=\"lazy\" decoding=\"async\" width=\"1280\" title=\"Grenoble bat un record national avec 6612 logements vides\" class=\"img-fluid  mb-3\" src=\"https:\/\/grandgrenoble.alpes1.com\/media\/news\/grenoble-bat-un-record-national-avec-6612-logements-vides_6902424553ea5.webp\" alt=\"Grenoble bat un record national avec 6612 logements vides\" itemprop=\"image\" height=\"720\"\/>\t\t\t\t\t\t\t\t\t\t\t\t<\/p>\n<p>Grenoble bat un record national avec 6612 logements vides &#8211; DR<\/p>\n<p itemprop=\"description\"><strong>La statistique de l\u2019Insee fait mal \u00e0 Grenoble : la ville compte 6612 logements vides en 2025, cumul des logements sociaux et priv\u00e9s.<\/strong><\/p>\n<p>Soit un taux de 13,3%, le plus \u00e9lev\u00e9 de France comme la plus forte progression de logements vacants des grandes villes depuis 2014. Dans le logement HLM, certains quartiers affichent un taux de vacance qui monte jusqu\u2019\u00e0 30%, alors que des familles de migrants sont h\u00e9berg\u00e9es dans des \u00e9coles de la ville&#8230;<\/p>\n<p>Dans le secteur priv\u00e9, selon l\u2019Insee, ce sont les propri\u00e9taires les plus modestes qui se r\u00e9tractent en ne louant plus leurs biens : le montant record de la taxe fonci\u00e8re, \u00e9galement le plus \u00e9lev\u00e9 des grandes villes, combin\u00e9 au blocage des loyers produit une p\u00e9nurie de logements sans pr\u00e9c\u00e9dent. \u00a0<\/p>\n<p>La tension est aggrav\u00e9e par la paup\u00e9risation g\u00e9n\u00e9rale puisque avec une valeur des biens moyenne autour de 2700 euros le M2, la capitale des Alpes se situe tr\u00e8s en dessous des villes comparables, soit une chute consid\u00e9rable puisqu\u2019elle se situait auparavant \u00e0 \u00e9galit\u00e9 ou au-dessus.<\/p>\n<p>Les acteurs de l\u2019immobilier tirent la sonnette d\u2019alarme. Les associations de d\u00e9fense des locataires \u00e9galement.<\/p>\n<p>L\u2019engagement de Laurence Ruffin, la candidate \u00e0 la succession d\u2019Eric Piolle aux municipales 2026, de construire encore 5000 HLM suppl\u00e9mentaires inqui\u00e8te compte-tenu des faibles disponibilit\u00e9s fonci\u00e8res de la ville et de son niveau d\u00e9j\u00e0 tr\u00e8s \u00e9lev\u00e9 de densification.<\/p>\n<p>L\u2019ensemble de ces \u00e9l\u00e9ments devrait \u00eatre un objet important du d\u00e9bat municipal car toutes les personnes concern\u00e9es par la question de la construction, du logement, le montant de la taxe fonci\u00e8re, attendent quelles r\u00e9ponses les candidats vont apporter pour sortir de la crise dans laquelle Grenoble est plong\u00e9e.<\/p>\n","protected":false},"excerpt":{"rendered":"Grenoble bat un record national avec 6612 logements vides &#8211; DR La statistique de l\u2019Insee fait mal \u00e0&hellip;\n","protected":false},"author":2,"featured_media":498146,"comment_status":"","ping_status":"","sticky":false,"template":"","format":"standard","meta":{"footnotes":""},"categories":[9566],"tags":[1111,11,7733,8279,2430,7736,650,7734,2889,2263,1777,674,1011,27,2731,8280,6417,1114,108,4662,12,3725,1825,25,7737],"class_list":{"0":"post-498145","1":"post","2":"type-post","3":"status-publish","4":"format-standard","5":"has-post-thumbnail","7":"category-grenoble","8":"tag-actu","9":"tag-actualites","10":"tag-alpes","11":"tag-alpes1","12":"tag-auvergne-rhone-alpes","13":"tag-cds","14":"tag-cinema","15":"tag-ecoute","16":"tag-emission","17":"tag-equipe","18":"tag-eu","19":"tag-europe","20":"tag-fr","21":"tag-france","22":"tag-grenoble","23":"tag-haute","24":"tag-information","25":"tag-infos","26":"tag-isere","27":"tag-journal","28":"tag-news","29":"tag-podcast","30":"tag-radio","31":"tag-republique-francaise","32":"tag-winamp"},"share_on_mastodon":{"url":"https:\/\/pubeurope.com\/@fr\/115458646494311962","error":""},"_links":{"self":[{"href":"https:\/\/www.europesays.com\/fr\/wp-json\/wp\/v2\/posts\/498145","targetHints":{"allow":["GET"]}}],"collection":[{"href":"https:\/\/www.europesays.com\/fr\/wp-json\/wp\/v2\/posts"}],"about":[{"href":"https:\/\/www.europesays.com\/fr\/wp-json\/wp\/v2\/types\/post"}],"author":[{"embeddable":true,"href":"https:\/\/www.europesays.com\/fr\/wp-json\/wp\/v2\/users\/2"}],"replies":[{"embeddable":true,"href":"https:\/\/www.europesays.com\/fr\/wp-json\/wp\/v2\/comments?post=498145"}],"version-history":[{"count":0,"href":"https:\/\/www.europesays.com\/fr\/wp-json\/wp\/v2\/posts\/498145\/revisions"}],"wp:featuredmedia":[{"embeddable":true,"href":"https:\/\/www.europesays.com\/fr\/wp-json\/wp\/v2\/media\/498146"}],"wp:attachment":[{"href":"https:\/\/www.europesays.com\/fr\/wp-json\/wp\/v2\/media?parent=498145"}],"wp:term":[{"taxonomy":"category","embeddable":true,"href":"https:\/\/www.europesays.com\/fr\/wp-json\/wp\/v2\/categories?post=498145"},{"taxonomy":"post_tag","embeddable":true,"href":"https:\/\/www.europesays.com\/fr\/wp-json\/wp\/v2\/tags?post=498145"}],"curies":[{"name":"wp","href":"https:\/\/api.w.org\/{rel}","templated":true}]}}