{"id":498153,"date":"2025-10-29T17:34:10","date_gmt":"2025-10-29T17:34:10","guid":{"rendered":"https:\/\/www.europesays.com\/fr\/498153\/"},"modified":"2025-10-29T17:34:10","modified_gmt":"2025-10-29T17:34:10","slug":"cest-bien-mieux-que-ce-quil-y-avait-avant","status":"publish","type":"post","link":"https:\/\/www.europesays.com\/fr\/498153\/","title":{"rendered":"C&rsquo;est bien mieux que ce qu&rsquo;il y avait avant"},"content":{"rendered":"<p>            Par<br \/>\n        <strong><br \/>\n            <a href=\"https:\/\/actu.fr\/auteur\/thomas-blanc\" title=\"Consulter tous les articles de Thomas Blanc\" target=\"_blank\" rel=\"noopener\">Thomas Blanc<\/a><br \/>\n        <\/strong><\/p>\n<p>        Publi\u00e9 le<\/p>\n<p>            29 oct. 2025 \u00e0 18h23        <\/p>\n<p>Une nouvelle <a href=\"https:\/\/actu.fr\/tag\/pistes-cyclables\" target=\"_blank\" rel=\"noopener\">piste cyclable<\/a> vient d\u2019\u00eatre mise en service <strong>dans le quartier de Koenigshoffen<\/strong> \u00e0 <a href=\"https:\/\/actu.fr\/strasbourg\/\" target=\"_blank\" rel=\"noopener\">Strasbourg<\/a>. Bien que la livraison de \u00ab\u2009La Romaine\u2009\u00bb soit <strong>pr\u00e9vue pour la semaine prochaine<\/strong>, l\u2019avancement des travaux permet d\u00e9j\u00e0 aux cyclistes de l\u2019emprunter et aux riverains de se faire un avis sur le r\u00e9sultat.<\/p>\n<p class=\" wall-content\"><a href=\"https:\/\/actu.fr\/grand-est\/strasbourg_67482\/strasbourg-cette-piste-cyclable-est-jugee-trop-large-par-rapport-aux-besoins-c-est-carrement-un-boulevard_63275641.html\" target=\"_blank\" rel=\"noopener\">\u00c0 l\u2019image de la Colmarienne<\/a>, elle aura pour but de <strong>simplifier les trajets<\/strong> \u00e0 <a href=\"https:\/\/actu.fr\/tag\/velo\" target=\"_blank\" rel=\"noopener\">v\u00e9lo<\/a> vers les villes autour de Strasbourg.<\/p>\n<p>Une nouvelle piste cyclable de Strasbourg \u00e0 Eckbolsheim<\/p>\n<p class=\" wall-content\">\u00ab\u2009La Romaine\u2009\u00bb, c\u2019est une piste cyclable bidirectionnelle de <strong>5 kilom\u00e8tres de long<\/strong> qui prend place le long de la route des Romains et du <strong>nouveau trac\u00e9 du tramway F<\/strong> dans les quartiers ouest de Strasbourg. Elle permet de rejoindre\u00a0<a href=\"https:\/\/actu.fr\/grand-est\/eckbolsheim_67118\" target=\"_blank\" rel=\"noopener\">Eckbolsheim<\/a> en toute s\u00e9curit\u00e9 sur une piste de <strong>trois m\u00e8tres de large<\/strong>.<\/p>\n<p class=\" wall-content\">Le r\u00e9am\u00e9nagement de la route des Romains, <strong>entam\u00e9 en 2021<\/strong> et dont la fin est pour le 15\u00a0novembre avec <a href=\"https:\/\/actu.fr\/grand-est\/strasbourg_67482\/strasbourg-le-reseau-de-bus-profondement-reorganise-avec-l-arrivee-du-tram-ouest-voici-les-changements_63363190.html\" target=\"_blank\" rel=\"noopener\">le prolongement du tram F vers l\u2019ouest<\/a> ne laisse \u00e9videmment pas les habitants indiff\u00e9rents.<\/p>\n<p>Des travaux qui offrent un rendu \u00ab\u2009tr\u00e8s agr\u00e9able\u2009\u00bb<\/p>\n<p class=\" wall-content\">Philippe a trouv\u00e9 la p\u00e9riode de travaux \u00ab<strong>\u2009bruyante et p\u00e9nible<\/strong>\u2009\u00bb, mais selon lui \u00ab\u2009il faut bien passer par l\u00e0 pour obtenir ce r\u00e9sultat tr\u00e8s agr\u00e9able, <strong>bien mieux que ce qu\u2019il y avait avant<\/strong>\u2009\u00bb. \u00ab\u2009Il est \u00e9vident que <strong>c\u2019\u00e9tait difficile de circuler \u00e0 v\u00e9lo avant<\/strong> cette piste, personne ne peut dire le contraire, persiste l\u2019homme de 42\u00a0ans. Les cyclistes ont l\u2019air en s\u00e9curit\u00e9 maintenant, c\u2019est beaucoup plus clair.\u2009\u00bb<\/p>\n<p class=\" wall-content\">\u00ab\u2009Ce que l\u2019on peut d\u00e9j\u00e0 voir des travaux faits dans le quartier me pla\u00eet, dit un r\u00e9sident sur sa bicyclette souhaitant se faire appeler David. Dans mes souvenirs, ils avaient annonc\u00e9 des arbres pour rendre plus agr\u00e9able cet endroit, j\u2019esp\u00e8re qu\u2019ils arriveront bient\u00f4t.\u2009\u00bb En effet, encore un petit peu de patience, <strong>85 arbres seront plant\u00e9s le long du tram et de la piste cyclable<\/strong> dans les semaines \u00e0 venir.<\/p>\n<p class=\" wall-content\">Koura, interrog\u00e9e en attendant le bus sur la route des Romains raconte. \u00ab\u2009Les travaux ont \u00e9t\u00e9 assez <strong>rapides et r\u00e9alis\u00e9s par portion,<\/strong> ce qui \u00e9tait bien. La piste est tr\u00e8s grande et<strong> mes enfants l\u2019utiliseront s\u00fbrement<\/strong>.\u2009\u00bb<\/p>\n<p>Votre r\u00e9gion, votre actu !<\/p>\n<p>Recevez chaque jour les infos qui comptent pour vous.<\/p>\n<p>\t<a href=\"https:\/\/actu.fr\/newsletter\" class=\"ac-btn ac-btn--corner ac-btn--medium ac-btn--blue800\" target=\"_blank\" rel=\"noopener\">S&rsquo;incrire<\/a><br \/>\n\u00ab\u2009J\u2019ai pens\u00e9 \u00e0 quitter Koenigshoffen\u2009\u00bb<\/p>\n<p class=\" wall-content\">Cependant, elle redoute l\u2019accident au niveau du r\u00e9tr\u00e9cissement juste devant chez elle. \u00ab\u2009Les voitures arrivent tr\u00e8s vite, les scooters aussi, quelque chose arrivera un jour\u2009\u00bb, pr\u00e9dit-elle. D\u2019apr\u00e8s la mairie, ces \u00ab\u2009\u00e9cluses\u2009\u00bb sont justement faites pour r\u00e9duire la vitesse des usagers de la route.<\/p>\n<p class=\" wall-content\">D\u2019autres habitants sont eux exasp\u00e9r\u00e9s par ce r\u00e9sultat, \u00e0 l\u2019image de Bernadette qui r\u00e9side depuis 29\u00a0ans rue des Petites Fermes. \u00ab\u2009J\u2019\u00e9tais pour le tram \u00e0 Koenigshoffen mais pas comme il a \u00e9t\u00e9 pens\u00e9. <strong>On s\u2019est foutu de nous<\/strong>\u2009\u00bb, temp\u00eate-t-elle.<\/p>\n<p class=\" wall-content\">\u00ab\u2009La piste et les trottoirs sont <strong>beaucoup trop grands<\/strong>, ils ont fait cela expr\u00e8s pour cr\u00e9er des bouchons. <strong>J\u2019ai pens\u00e9 \u00e0 quitter Koenigshoffen<\/strong> en voyant la direction que tout cela prenait\u2009\u00bb, l\u00e2che Bernadette, d\u00e9\u00e7ue.<\/p>\n<p class=\" wall-content\">Personnalisez votre actualit\u00e9 en ajoutant vos villes et m\u00e9dias en favori avec <a href=\"https:\/\/moncompte.actu.fr\" title=\"D\u00e9couvez Mon Actu\" rel=\"nofollow noopener\" data-trk=\"{&quot;cta&quot;:{&quot;action&quot;:&quot;https:\\\/\\\/moncompte.actu.fr&quot;,&quot;category&quot;:&quot;mon compte&quot;,&quot;from&quot;:&quot;article footer&quot;,&quot;name&quot;:&quot;Mon actu&quot;,&quot;type&quot;:&quot;cta&quot;}}\" target=\"_blank\">Mon Actu<\/a>.<\/p>\n","protected":false},"excerpt":{"rendered":"Par Thomas Blanc Publi\u00e9 le 29 oct. 2025 \u00e0 18h23 Une nouvelle piste cyclable vient d\u2019\u00eatre mise en&hellip;\n","protected":false},"author":2,"featured_media":498154,"comment_status":"","ping_status":"","sticky":false,"template":"","format":"standard","meta":{"footnotes":""},"categories":[2820],"tags":[1111,11,1777,674,1011,27,775,12,4798,25,104,640,2803,208],"class_list":{"0":"post-498153","1":"post","2":"type-post","3":"status-publish","4":"format-standard","5":"has-post-thumbnail","7":"category-strasbourg","8":"tag-actu","9":"tag-actualites","10":"tag-eu","11":"tag-europe","12":"tag-fr","13":"tag-france","14":"tag-grand-est","15":"tag-news","16":"tag-pistes-cyclables","17":"tag-republique-francaise","18":"tag-societe","19":"tag-strasbourg","20":"tag-transport","21":"tag-velo"},"share_on_mastodon":{"url":"https:\/\/pubeurope.com\/@fr\/115458661738693702","error":""},"_links":{"self":[{"href":"https:\/\/www.europesays.com\/fr\/wp-json\/wp\/v2\/posts\/498153","targetHints":{"allow":["GET"]}}],"collection":[{"href":"https:\/\/www.europesays.com\/fr\/wp-json\/wp\/v2\/posts"}],"about":[{"href":"https:\/\/www.europesays.com\/fr\/wp-json\/wp\/v2\/types\/post"}],"author":[{"embeddable":true,"href":"https:\/\/www.europesays.com\/fr\/wp-json\/wp\/v2\/users\/2"}],"replies":[{"embeddable":true,"href":"https:\/\/www.europesays.com\/fr\/wp-json\/wp\/v2\/comments?post=498153"}],"version-history":[{"count":0,"href":"https:\/\/www.europesays.com\/fr\/wp-json\/wp\/v2\/posts\/498153\/revisions"}],"wp:featuredmedia":[{"embeddable":true,"href":"https:\/\/www.europesays.com\/fr\/wp-json\/wp\/v2\/media\/498154"}],"wp:attachment":[{"href":"https:\/\/www.europesays.com\/fr\/wp-json\/wp\/v2\/media?parent=498153"}],"wp:term":[{"taxonomy":"category","embeddable":true,"href":"https:\/\/www.europesays.com\/fr\/wp-json\/wp\/v2\/categories?post=498153"},{"taxonomy":"post_tag","embeddable":true,"href":"https:\/\/www.europesays.com\/fr\/wp-json\/wp\/v2\/tags?post=498153"}],"curies":[{"name":"wp","href":"https:\/\/api.w.org\/{rel}","templated":true}]}}