{"id":498159,"date":"2025-10-29T17:37:18","date_gmt":"2025-10-29T17:37:18","guid":{"rendered":"https:\/\/www.europesays.com\/fr\/498159\/"},"modified":"2025-10-29T17:37:18","modified_gmt":"2025-10-29T17:37:18","slug":"a-nice-estrosi-et-dupond-moretti-secharpent-dans-un-celebre-restaurant","status":"publish","type":"post","link":"https:\/\/www.europesays.com\/fr\/498159\/","title":{"rendered":"\u00c0 Nice, Estrosi et Dupond-Moretti s\u2019\u00e9charpent dans un c\u00e9l\u00e8bre restaurant"},"content":{"rendered":"<p>\n    Les deux hommes se sont crois\u00e9s \u00e0 La Petite Maison, \u00e9tablissement pris\u00e9 des c\u00e9l\u00e9brit\u00e9s et des personnalit\u00e9s politiques, et ont failli en venir aux mains.<\/p>\n<p class=\"fig-paragraph\">Le maire de Nice\u00a0<a href=\"http:\/\/www.lefigaro.fr\/elections\/municipales\/municipales-2026-lors-de-sa-rentree-politique-estrosi-esquive-le-facheux-sujet-ciotti-20250829\" data-fig-type=\"NewsFlash\" data-gtm-custom-categorie=\"navigation\" data-gtm-custom-action=\"crossclick\" data-gtm-custom-label=\"Contextuel\" data-gtm-event=\"customEventSPE\" data-fig-domain=\"LEFIGARO\" target=\"_blank\" rel=\"noopener\">Christian Estrosi<\/a>\u00a0et l\u2019ex-garde des Sceaux\u00a0<a href=\"http:\/\/www.lefigaro.fr\/theatre\/c-est-un-reglement-de-comptes-je-l-assume-totalement-au-theatre-marigny-eric-dupond-moretti-raconte-ses-quatre-annees-passees-a-la-justice-20250223\" data-fig-type=\"Article\" data-gtm-custom-categorie=\"navigation\" data-gtm-custom-action=\"crossclick\" data-gtm-custom-label=\"Contextuel\" data-gtm-event=\"customEventSPE\" data-fig-domain=\"LEFIGARO\" target=\"_blank\" rel=\"noopener\">\u00c9ric Dupond-Moretti<\/a>\u00a0se sont violemment pris le bec dans un c\u00e9l\u00e8bre restaurant de la ville au point de presque en venir aux mains, comme l\u2019a r\u00e9v\u00e9l\u00e9 Le Canard encha\u00een\u00e9 mercredi et comme a pu le confirmer Le Figaro de sources concordantes. Chacun d\u00eenait pourtant de son c\u00f4t\u00e9 en ce mercredi 22 octobre \u00e0 La Petite Maison, \u00e9tablissement pris\u00e9 des stars comme des personnalit\u00e9s politiques, \u00e0 deux pas de l\u2019h\u00f4tel de ville. Christian Estrosi \u00e9tait attabl\u00e9 en famille avec notamment\u00a0<a href=\"http:\/\/www.lefigaro.fr\/politique\/une-plainte-visant-les-activites-de-conseil-de-christian-estrosi-et-sa-femme-deposee-au-parquet-national-financier-20251020\" data-fig-type=\"NewsFlash\" data-gtm-custom-categorie=\"navigation\" data-gtm-custom-action=\"crossclick\" data-gtm-custom-label=\"Contextuel\" data-gtm-event=\"customEventSPE\" data-fig-domain=\"LEFIGARO\" target=\"_blank\" rel=\"noopener\">sa femme, Laura Tenoudji<\/a>\u00a0; \u00abEDM\u00bb \u00e9tait lui install\u00e9 \u00e0 une autre table de la terrasse avec deux amis.<\/p>\n<p class=\"fig-paragraph\">Mais la ligne de non-agression aurait \u00e9t\u00e9 franchie par le maire de Nice, venu saluer les deux connaissances de l\u2019ancien ministre, ses \u00abvrais amis\u00bb, comme l\u2019\u00e9dile aurait l\u00e2ch\u00e9 de mani\u00e8re provocante. Il est notoire que Christian Estrosi et \u00c9ric Dupond-Moretti ne s\u2019appr\u00e9cient pas, surtout depuis que le p\u00e9naliste a\u00a0<a href=\"http:\/\/www.lefigaro.fr\/nice\/traite-de-pire-courtisan-par-dupond-moretti-estrosi-se-dit-libre-apres-avoir-reclame-la-demission-de-macron-20251008\" data-fig-type=\"NewsFlash\" data-gtm-custom-categorie=\"navigation\" data-gtm-custom-action=\"crossclick\" data-gtm-custom-label=\"Contextuel\" data-gtm-event=\"customEventSPE\" data-fig-domain=\"LEFIGARO\" target=\"_blank\" rel=\"noopener\">trait\u00e9 publiquement le Ni\u00e7ois de \u00abpire courtisan\u00bb<\/a>\u00a0apr\u00e8s avoir demand\u00e9\u00a0<a href=\"http:\/\/www.lefigaro.fr\/politique\/guillaume-tabard-emmanuel-macron-demission-legitimee-dissolution-banalisee-20251007\" data-fig-type=\"Article\" data-gtm-custom-categorie=\"navigation\" data-gtm-custom-action=\"crossclick\" data-gtm-custom-label=\"Contextuel\" data-gtm-event=\"customEventSPE\" data-fig-domain=\"LEFIGARO\" target=\"_blank\" rel=\"noopener\">la d\u00e9mission d\u2019Emmanuel Macron<\/a>. \u00abLe sens de l\u2019honneur n\u2019est pas un sens interdit en politique\u00bb, avait-il ajout\u00e9 \u00e0 son propos dans les colonnes du quotidien r\u00e9gional Nice-Matin.<\/p>\n<p>                                    <a class=\"fig-a11y-skip a11y-hidden\" href=\"#fig-a11y-skip-main-inarticle\"><br \/>\n        Passer la publicit\u00e9<br \/>\n    <\/a><\/p>\n<p class=\"fig-paragraph\">Cette inimit\u00e9 trouverait ses racines lorsque \u00c9ric Dupond-Moretti \u00e9tait ministre de la Justice (2020-2024) et qu\u2019il recevait de nombreuses sollicitations du maire de Nice, qu\u2019il ne prenait pas forc\u00e9ment en compte, apprend-on par leur entourage. De quoi mettre un peu plus en rogne Christian Estrosi, qui sait par ailleurs qu\u2019\u00c9ric Dupond-Moretti entretient une relation cordiale, voire amicale, avec\u00a0<a href=\"http:\/\/www.lefigaro.fr\/elections\/municipales\/municipales-2026-eric-ciotti-officialise-sa-candidature-a-nice-20250827\" data-fig-type=\"NewsFlash\" data-gtm-custom-categorie=\"navigation\" data-gtm-custom-action=\"crossclick\" data-gtm-custom-label=\"Contextuel\" data-gtm-event=\"customEventSPE\" data-fig-domain=\"LEFIGARO\" target=\"_blank\" rel=\"noopener\">son pire ennemi \u00c9ric Ciotti<\/a>, au-del\u00e0 des d\u00e9saccords politiques.<\/p>\n<p>\u00abOQTF \u00e0 Nice\u00bb<\/p>\n<p class=\"fig-paragraph\">Christian Estrosi aurait alors profit\u00e9 de l\u2019occasion de croiser l\u2019ancien garde des Sceaux pour lui glisser qu\u2019il n\u2019\u00e9tait qu\u2019un \u00abintermittent du spectacle\u00bb. \u00abTu n\u2019es qu\u2019un intermittent de la connerie\u00bb, lui aurait alors r\u00e9torqu\u00e9 l\u2019ex-poids lourd du gouvernement, qui se produit d\u00e9sormais sur sc\u00e8ne. Il intime alors au maire de d\u00e9guerpir, n\u2019ayant rien \u00e0 lui dire. \u00abTu as trahi tout le monde\u00a0!\u00bb, aurait ajout\u00e9 Dupond-Moretti, une mani\u00e8re de critiquer une nouvelle fois le parcours politique de l\u2019\u00e9dile ni\u00e7ois depuis 2008, pass\u00e9 de LR \u00e0 soutien d\u2019Emmanuel Macron puis \u00e0 Horizons, le parti\u00a0<a href=\"http:\/\/www.lefigaro.fr\/politique\/guillaume-tabard-edouard-philippe-vs-emmanuel-macron-une-faute-ou-une-chance-20251017\" data-fig-type=\"Article\" data-gtm-custom-categorie=\"navigation\" data-gtm-custom-action=\"crossclick\" data-gtm-custom-label=\"Contextuel\" data-gtm-event=\"customEventSPE\" data-fig-domain=\"LEFIGARO\" target=\"_blank\" rel=\"noopener\">d\u2019\u00c9douard Philippe<\/a>.<\/p>\n<p class=\"fig-paragraph\">\u00abJe pourrais te casser la gueule\u00bb, se serait emport\u00e9 Estrosi, pr\u00eat \u00e0 lui \u00aben coller une\u00bb. \u00abViens\u00a0!\u00bb, aurait poursuivi \u00abEDM\u00bb avant de lui glisser une insulte. \u00abD\u00e9sormais, tu es un OQTF \u00e0 Nice\u00bb, aurait conclu l\u2019\u00e9dile. Un \u00e9change virulent relat\u00e9 par Le Canard encha\u00een\u00e9 dont Le Figaro a pu se faire confirmer la teneur. Cela n\u2019ira pas plus loin entre eux mais le tout-Nice \u00e9tait d\u00e9j\u00e0 au courant. Et Christian Estrosi de r\u00e9p\u00e9ter que Dupond-Moretti est de toute fa\u00e7on le \u00abpire ministre de la Justice\u00bb qu\u2019il ait jamais crois\u00e9&#8230;<\/p>\n<p class=\"fig-paragraph\">\u00abDeux puissants qui se battent pour leur ego, pendant que le peuple se bat pour vivre dignement. La vraie bagarre, c\u2019est contre la vie ch\u00e8re, pas entre notables\u00bb, a r\u00e9agi Julien Picot, le chef de file des communistes ni\u00e7ois et num\u00e9ro 2 de\u00a0<a href=\"http:\/\/www.lefigaro.fr\/nice\/municipales-2026-a-nice-face-a-estrosi-et-ciotti-une-candidate-ecologiste-d-union-de-la-gauche-mais-sans-lfi-20250905\" data-fig-type=\"NewsFlash\" data-gtm-custom-categorie=\"navigation\" data-gtm-custom-action=\"crossclick\" data-gtm-custom-label=\"Contextuel\" data-gtm-event=\"customEventSPE\" data-fig-domain=\"LEFIGARO\" target=\"_blank\" rel=\"noopener\">la liste d\u2019union avec les \u00e9cologistes et socialistes<\/a>.<\/p>\n<p class=\"fig-paragraph\">Les deux hommes sont des habitu\u00e9s de ce restaurant hupp\u00e9, Dupond-Moretti r\u00e9sidant d\u00e9sormais dans la capitale azur\u00e9enne. Christian Estrosi d\u00eenait encore samedi dernier \u00e0 La Petite Maison en compagnie du chanteur\u00a0<a href=\"http:\/\/www.lefigaro.fr\/culture\/on-va-s-aimer-condamne-pour-plagiat-gilbert-montagne-se-pourvoit-en-cassation-20241217\" data-fig-type=\"NewsFlash\" data-gtm-custom-categorie=\"navigation\" data-gtm-custom-action=\"crossclick\" data-gtm-custom-label=\"Contextuel\" data-gtm-event=\"customEventSPE\" data-fig-domain=\"LEFIGARO\" target=\"_blank\" rel=\"noopener\">Gilbert Montagn\u00e9<\/a>, qui venait de se produire au Cannet.<\/p>\n","protected":false},"excerpt":{"rendered":"Les deux hommes se sont crois\u00e9s \u00e0 La Petite Maison, \u00e9tablissement pris\u00e9 des c\u00e9l\u00e9brit\u00e9s et des personnalit\u00e9s politiques,&hellip;\n","protected":false},"author":2,"featured_media":498160,"comment_status":"","ping_status":"","sticky":false,"template":"","format":"standard","meta":{"footnotes":""},"categories":[2819],"tags":[1111,11,2397,10222,1777,674,1011,27,12,2401,882,25],"class_list":{"0":"post-498159","1":"post","2":"type-post","3":"status-publish","4":"format-standard","5":"has-post-thumbnail","7":"category-nice","8":"tag-actu","9":"tag-actualites","10":"tag-christian-estrosi","11":"tag-eric-dupond-moretti","12":"tag-eu","13":"tag-europe","14":"tag-fr","15":"tag-france","16":"tag-news","17":"tag-nice","18":"tag-provence-alpes-cote-dazur","19":"tag-republique-francaise"},"share_on_mastodon":{"url":"https:\/\/pubeurope.com\/@fr\/115458673484349393","error":""},"_links":{"self":[{"href":"https:\/\/www.europesays.com\/fr\/wp-json\/wp\/v2\/posts\/498159","targetHints":{"allow":["GET"]}}],"collection":[{"href":"https:\/\/www.europesays.com\/fr\/wp-json\/wp\/v2\/posts"}],"about":[{"href":"https:\/\/www.europesays.com\/fr\/wp-json\/wp\/v2\/types\/post"}],"author":[{"embeddable":true,"href":"https:\/\/www.europesays.com\/fr\/wp-json\/wp\/v2\/users\/2"}],"replies":[{"embeddable":true,"href":"https:\/\/www.europesays.com\/fr\/wp-json\/wp\/v2\/comments?post=498159"}],"version-history":[{"count":0,"href":"https:\/\/www.europesays.com\/fr\/wp-json\/wp\/v2\/posts\/498159\/revisions"}],"wp:featuredmedia":[{"embeddable":true,"href":"https:\/\/www.europesays.com\/fr\/wp-json\/wp\/v2\/media\/498160"}],"wp:attachment":[{"href":"https:\/\/www.europesays.com\/fr\/wp-json\/wp\/v2\/media?parent=498159"}],"wp:term":[{"taxonomy":"category","embeddable":true,"href":"https:\/\/www.europesays.com\/fr\/wp-json\/wp\/v2\/categories?post=498159"},{"taxonomy":"post_tag","embeddable":true,"href":"https:\/\/www.europesays.com\/fr\/wp-json\/wp\/v2\/tags?post=498159"}],"curies":[{"name":"wp","href":"https:\/\/api.w.org\/{rel}","templated":true}]}}