{"id":498161,"date":"2025-10-29T17:38:11","date_gmt":"2025-10-29T17:38:11","guid":{"rendered":"https:\/\/www.europesays.com\/fr\/498161\/"},"modified":"2025-10-29T17:38:11","modified_gmt":"2025-10-29T17:38:11","slug":"les-gendarmes-nantais-ont-interpelle-trois-suspects","status":"publish","type":"post","link":"https:\/\/www.europesays.com\/fr\/498161\/","title":{"rendered":"les gendarmes nantais ont interpell\u00e9 trois suspects"},"content":{"rendered":"<p>Depuis septembre\u00a02025, les gendarmes du Groupe d\u2019intervention des ph\u00e9nom\u00e8nes s\u00e9riels (Gips) de la compagnie de Nantes (<a target=\"_self\" href=\"https:\/\/www.lanouvellerepublique.fr\/loire-atlantique\" rel=\"noopener\">Loire-Atlantique<\/a>) ont recens\u00e9 une vingtaine de vols dans des \u00e9glises du d\u00e9partement, mais \u00e9galement en Maine-et-Loire ou encore en Vend\u00e9e. Trois suspects ont \u00e9t\u00e9 interpell\u00e9s samedi 25\u00a0octobre, rapporte <a target=\"_blank\" href=\"https:\/\/www.ouest-france.fr\/societe\/faits-divers\/pres-de-nantes-les-gendarmes-ont-stoppe-lequipe-de-voleurs-de-troncs-dans-les-eglises-a9d25022-b41a-11f0-b69a-6e4ddcc8cd29\" rel=\"noopener\">Presse Oc\u00e9an<\/a>.<\/p>\n<p>Interpell\u00e9s en flagrant d\u00e9lit<\/p>\n<p>Une \u00e9quipe de voleurs s\u2019emparaient de l\u2019argent dans les troncs des \u00e9glises \u00ab\u00a0avec de la colle, \u00e0 l\u2019ancienne\u00a0\u00bb. \u00c0 certains endroits, ils ont utilis\u00e9 une disqueuse ou un pied-de-biche. Un homme a \u00e9t\u00e9 rep\u00e9r\u00e9 gr\u00e2ce \u00e0 une cam\u00e9ra de vid\u00e9osurveillance. Les deux autres suspects ont ensuite \u00e9t\u00e9 identifi\u00e9s, puis surveill\u00e9s. Les trois individus, \u00e2g\u00e9s de 23 \u00e0 52\u00a0ans, ont finalement \u00e9t\u00e9 surpris en flagrant d\u00e9lit \u00e0 la sortie d\u2019une \u00e9glise de Montreuil-Juign\u00e9 (Maine-et-Loire).<\/p>\n<p>Selon les informations de Presse Oc\u00e9an, ils auraient reconnu les faits. Plusieurs dioc\u00e8ses ont fait part de leur intention de se porter partie civile. Les trois hommes devaient \u00eatre jug\u00e9s ce mercredi en comparution imm\u00e9diate au tribunal correctionnel de Nantes.<\/p>\n","protected":false},"excerpt":{"rendered":"Depuis septembre\u00a02025, les gendarmes du Groupe d\u2019intervention des ph\u00e9nom\u00e8nes s\u00e9riels (Gips) de la compagnie de Nantes (Loire-Atlantique) ont&hellip;\n","protected":false},"author":2,"featured_media":498162,"comment_status":"","ping_status":"","sticky":false,"template":"","format":"standard","meta":{"footnotes":""},"categories":[2818],"tags":[1111,11,1674,1777,674,274,1011,27,3047,766,12,2636,25],"class_list":{"0":"post-498161","1":"post","2":"type-post","3":"status-publish","4":"format-standard","5":"has-post-thumbnail","7":"category-nantes","8":"tag-actu","9":"tag-actualites","10":"tag-communes","11":"tag-eu","12":"tag-europe","13":"tag-faits-divers-justice","14":"tag-fr","15":"tag-france","16":"tag-loire-atlantique","17":"tag-nantes","18":"tag-news","19":"tag-pays-de-la-loire","20":"tag-republique-francaise"},"share_on_mastodon":{"url":"https:\/\/pubeurope.com\/@fr\/115458677477329568","error":""},"_links":{"self":[{"href":"https:\/\/www.europesays.com\/fr\/wp-json\/wp\/v2\/posts\/498161","targetHints":{"allow":["GET"]}}],"collection":[{"href":"https:\/\/www.europesays.com\/fr\/wp-json\/wp\/v2\/posts"}],"about":[{"href":"https:\/\/www.europesays.com\/fr\/wp-json\/wp\/v2\/types\/post"}],"author":[{"embeddable":true,"href":"https:\/\/www.europesays.com\/fr\/wp-json\/wp\/v2\/users\/2"}],"replies":[{"embeddable":true,"href":"https:\/\/www.europesays.com\/fr\/wp-json\/wp\/v2\/comments?post=498161"}],"version-history":[{"count":0,"href":"https:\/\/www.europesays.com\/fr\/wp-json\/wp\/v2\/posts\/498161\/revisions"}],"wp:featuredmedia":[{"embeddable":true,"href":"https:\/\/www.europesays.com\/fr\/wp-json\/wp\/v2\/media\/498162"}],"wp:attachment":[{"href":"https:\/\/www.europesays.com\/fr\/wp-json\/wp\/v2\/media?parent=498161"}],"wp:term":[{"taxonomy":"category","embeddable":true,"href":"https:\/\/www.europesays.com\/fr\/wp-json\/wp\/v2\/categories?post=498161"},{"taxonomy":"post_tag","embeddable":true,"href":"https:\/\/www.europesays.com\/fr\/wp-json\/wp\/v2\/tags?post=498161"}],"curies":[{"name":"wp","href":"https:\/\/api.w.org\/{rel}","templated":true}]}}