{"id":498163,"date":"2025-10-29T17:39:13","date_gmt":"2025-10-29T17:39:13","guid":{"rendered":"https:\/\/www.europesays.com\/fr\/498163\/"},"modified":"2025-10-29T17:39:13","modified_gmt":"2025-10-29T17:39:13","slug":"nantes-coup-denvoi-lundi-des-travaux-de-la-tour-bretagne","status":"publish","type":"post","link":"https:\/\/www.europesays.com\/fr\/498163\/","title":{"rendered":"Nantes : coup d&rsquo;envoi lundi des travaux de la Tour Bretagne"},"content":{"rendered":"<p><img decoding=\"async\" class=\"\" style=\"width:100%\" src=\"https:\/\/www.europesays.com\/fr\/wp-content\/uploads\/2025\/10\/MjAyNDExNTRmMGVjZmM2YzdmNmI2NmJkMTVjOThiMjc0NWZmMjE1761729261078.jpg\" alt=\"La nouvelle tour Bretagne \u00e0 Nantes sera livr\u00e9e au mieux, en 2029\"\/><\/p>\n<p>La nouvelle tour Bretagne \u00e0 Nantes sera livr\u00e9e au mieux, en 2029<\/p>\n<p>Cr\u00e9dit : Groupe Giboire<\/p>\n<p><strong>Les Nantais n&rsquo;ont qu&rsquo;\u00e0 lever les yeux pour l&rsquo;apercevoir ! <\/strong>La <a href=\"https:\/\/hitwest.ouest-france.fr\/nantes-la-nouvelle-tour-bretagne-devoilee\" rel=\"noopener nofollow\" target=\"_blank\">Tour Bretagne<\/a>, qui r\u00e8gne fi\u00e8rement sur la Cit\u00e9 des ducs, va faire peau neuve. Des travaux d&rsquo;ampleur d\u00e9marrent ce lundi 3 novembre. Les ouvriers pr\u00e9sents sur le chantier vont d\u2019abord s\u2019attaquer au d\u00e9samiantage du b\u00e2timent, car l\u2019amiante se trouve partout, dans les sols, les fa\u00e7ades et les plafonds.<\/p>\n<p>Place ensuite aux op\u00e9rations de curage qui consistent notamment \u00e0 enlever les r\u00e9seaux, les \u00e9quipements ou encore les rev\u00eatements de sol pour repartir sur des bases saines. Une \u00e9tape qui va prendre du temps, jusqu\u2019\u00e0 fin 2026 a priori.<\/p>\n<p>Ensuite, place \u00e0 la deuxi\u00e8me phase, avec les am\u00e9nagements int\u00e9rieurs, ainsi que la nouvelle fa\u00e7ade beaucoup plus claire que l\u2019actuelle.<\/p>\n<p>La tour flambant neuve accueillera \u00e0 terme 200 logements, un h\u00f4tel 4 \u00e9toiles, un restaurant, des commerces, et 1500 m2 de bureaux.<\/p>\n<p>Enfin, les f\u00e9rus de belle vue seront ravis car comme \u00e0 l\u2019\u00e9poque du bar \u00ab\u00a0Le Nid\u00a0\u00bb, le dernier \u00e9tage de la Tour sera de nouveau ouvert pour profiter de la vue panoramique.<\/p>\n<p>La livraison est pr\u00e9vue, au mieux, pour 2029, et le co\u00fbt des travaux est estim\u00e9 \u00e0 135 millions d\u2019euros.<\/p>\n","protected":false},"excerpt":{"rendered":"La nouvelle tour Bretagne \u00e0 Nantes sera livr\u00e9e au mieux, en 2029 Cr\u00e9dit : Groupe Giboire Les Nantais&hellip;\n","protected":false},"author":2,"featured_media":498164,"comment_status":"","ping_status":"","sticky":false,"template":"","format":"standard","meta":{"footnotes":""},"categories":[2818],"tags":[1111,11,1777,674,1011,27,766,12,2636,25,14714,2086],"class_list":{"0":"post-498163","1":"post","2":"type-post","3":"status-publish","4":"format-standard","5":"has-post-thumbnail","7":"category-nantes","8":"tag-actu","9":"tag-actualites","10":"tag-eu","11":"tag-europe","12":"tag-fr","13":"tag-france","14":"tag-nantes","15":"tag-news","16":"tag-pays-de-la-loire","17":"tag-republique-francaise","18":"tag-tour-de-bretagne","19":"tag-travaux"},"share_on_mastodon":{"url":"https:\/\/pubeurope.com\/@fr\/115458681910702431","error":""},"_links":{"self":[{"href":"https:\/\/www.europesays.com\/fr\/wp-json\/wp\/v2\/posts\/498163","targetHints":{"allow":["GET"]}}],"collection":[{"href":"https:\/\/www.europesays.com\/fr\/wp-json\/wp\/v2\/posts"}],"about":[{"href":"https:\/\/www.europesays.com\/fr\/wp-json\/wp\/v2\/types\/post"}],"author":[{"embeddable":true,"href":"https:\/\/www.europesays.com\/fr\/wp-json\/wp\/v2\/users\/2"}],"replies":[{"embeddable":true,"href":"https:\/\/www.europesays.com\/fr\/wp-json\/wp\/v2\/comments?post=498163"}],"version-history":[{"count":0,"href":"https:\/\/www.europesays.com\/fr\/wp-json\/wp\/v2\/posts\/498163\/revisions"}],"wp:featuredmedia":[{"embeddable":true,"href":"https:\/\/www.europesays.com\/fr\/wp-json\/wp\/v2\/media\/498164"}],"wp:attachment":[{"href":"https:\/\/www.europesays.com\/fr\/wp-json\/wp\/v2\/media?parent=498163"}],"wp:term":[{"taxonomy":"category","embeddable":true,"href":"https:\/\/www.europesays.com\/fr\/wp-json\/wp\/v2\/categories?post=498163"},{"taxonomy":"post_tag","embeddable":true,"href":"https:\/\/www.europesays.com\/fr\/wp-json\/wp\/v2\/tags?post=498163"}],"curies":[{"name":"wp","href":"https:\/\/api.w.org\/{rel}","templated":true}]}}