{"id":498177,"date":"2025-10-29T17:47:11","date_gmt":"2025-10-29T17:47:11","guid":{"rendered":"https:\/\/www.europesays.com\/fr\/498177\/"},"modified":"2025-10-29T17:47:11","modified_gmt":"2025-10-29T17:47:11","slug":"une-femme-retrouve-une-dent-dans-son-pain-a-marseille-probablement-celle-dun-rat","status":"publish","type":"post","link":"https:\/\/www.europesays.com\/fr\/498177\/","title":{"rendered":"Une femme retrouve une dent dans son pain \u00e0 Marseille, probablement celle d&rsquo;un rat"},"content":{"rendered":"<p>Une d\u00e9couverte traumatisante pour une femme apr\u00e8s avoir achet\u00e9 un pain \u00e0 <a href=\"https:\/\/www.laprovence.com\/bouches-du-rhone\/marseille-13055\" target=\"_blank\" rel=\"noopener\">Marseille<\/a>. Une auxiliaire de vie s&rsquo;est rendue dans un magasin discount ce samedi 25 octobre pour y acheter un pain, voulant le d\u00e9guster le lendemain. Le dimanche matin, lorsqu&rsquo;elle croque dedans, elle y d\u00e9couvre un objet assez dur au milieu de la mie. Il s&rsquo;agirait d&rsquo;une <a href=\"https:\/\/www.laprovence.com\/article\/region\/1220095490857616\/on-peut-en-croiser-trois-ou-quatre-en-plein-jour-les-rats-font-partie-du-quotidien-des-marseillais\" target=\"_blank\" rel=\"noopener\">dent de rat<\/a>, relate <a href=\"https:\/\/www.francebleu.fr\/infos\/societe\/elle-retrouve-une-dent-de-rat-dans-un-pain-aux-noix-une-marseillaise-saisie-la-justice-8617032\" target=\"_blank\" rel=\"noopener\">Ici<\/a>.<\/p>\n<p>\u00ab\u00a0Je n&rsquo;ai plus confiance\u00a0\u00bb<\/p>\n<p>\u00ab\u00a0J&rsquo;ai cru m&rsquo;\u00eatre heurt\u00e9e \u00e0 un morceau de coque de noix. En regardant de plus pr\u00e8s, j&rsquo;ai compris que ce n&rsquo;\u00e9tait pas une noix, mais une dent\u00a0\u00bb, t\u00e9moigne Mama aupr\u00e8s de nos confr\u00e8res. Elle d\u00e9cide alors de mandater un avocat qui d\u00e9nonce une \u00ab\u00a0faille grave\u00a0\u00bb dans la cha\u00eene de s\u00e9curit\u00e9 alimentaire de l&rsquo;enseigne.<\/p>\n<p>\u00ab\u00a0Nous n&rsquo;avons aujourd&rsquo;hui aucun \u00e9l\u00e9ment prouvant que la production du pain aux noix concern\u00e9e, a \u00e9t\u00e9 d\u00e9truite. Combien de pains issus de la m\u00eame fabrication ont-ils \u00e9t\u00e9 vendus\u00a0? Et surtout, combien ont \u00e9t\u00e9 consomm\u00e9s\u00a0?\u00a0\u00bb, s&rsquo;interroge-t-il.<\/p>\n<p>L&rsquo;auxiliaire de vie esp\u00e8re d\u00e9sormais des r\u00e9ponses de l&rsquo;enseigne. Contact\u00e9e par nos confr\u00e8res, l&rsquo;enseigne dans laquelle a eu lieu l&rsquo;achat n&rsquo;a pas communiqu\u00e9 des suites du signalement.<\/p>\n<p>En attendant, elle en reste un peu traumatis\u00e9e. Mama explique que, dor\u00e9navant, elle v\u00e9rifie chaque pain avant d&rsquo;en manger ou d&rsquo;en donner aux personnes aupr\u00e8s desquelles elle travaille : \u00ab\u00a0Je coupe tout en tranches, je regarde \u00e0 l&rsquo;int\u00e9rieur. Je n&rsquo;ai plus du tout confiance.\u00a0\u00bb<\/p>\n","protected":false},"excerpt":{"rendered":"Une d\u00e9couverte traumatisante pour une femme apr\u00e8s avoir achet\u00e9 un pain \u00e0 Marseille. Une auxiliaire de vie s&rsquo;est&hellip;\n","protected":false},"author":2,"featured_media":498178,"comment_status":"","ping_status":"","sticky":false,"template":"","format":"standard","meta":{"footnotes":""},"categories":[2814],"tags":[17,1111,11,1446,37364,1777,674,274,1294,1011,27,884,12,882,25,4256,3711,96],"class_list":{"0":"post-498177","1":"post","2":"type-post","3":"status-publish","4":"format-standard","5":"has-post-thumbnail","7":"category-marseille","8":"tag-17","9":"tag-actu","10":"tag-actualites","11":"tag-dans","12":"tag-dent","13":"tag-eu","14":"tag-europe","15":"tag-faits-divers-justice","16":"tag-femme","17":"tag-fr","18":"tag-france","19":"tag-marseille","20":"tag-news","21":"tag-provence-alpes-cote-dazur","22":"tag-republique-francaise","23":"tag-retrouve","24":"tag-son","25":"tag-une"},"share_on_mastodon":{"url":"https:\/\/pubeurope.com\/@fr\/115458712803683303","error":""},"_links":{"self":[{"href":"https:\/\/www.europesays.com\/fr\/wp-json\/wp\/v2\/posts\/498177","targetHints":{"allow":["GET"]}}],"collection":[{"href":"https:\/\/www.europesays.com\/fr\/wp-json\/wp\/v2\/posts"}],"about":[{"href":"https:\/\/www.europesays.com\/fr\/wp-json\/wp\/v2\/types\/post"}],"author":[{"embeddable":true,"href":"https:\/\/www.europesays.com\/fr\/wp-json\/wp\/v2\/users\/2"}],"replies":[{"embeddable":true,"href":"https:\/\/www.europesays.com\/fr\/wp-json\/wp\/v2\/comments?post=498177"}],"version-history":[{"count":0,"href":"https:\/\/www.europesays.com\/fr\/wp-json\/wp\/v2\/posts\/498177\/revisions"}],"wp:featuredmedia":[{"embeddable":true,"href":"https:\/\/www.europesays.com\/fr\/wp-json\/wp\/v2\/media\/498178"}],"wp:attachment":[{"href":"https:\/\/www.europesays.com\/fr\/wp-json\/wp\/v2\/media?parent=498177"}],"wp:term":[{"taxonomy":"category","embeddable":true,"href":"https:\/\/www.europesays.com\/fr\/wp-json\/wp\/v2\/categories?post=498177"},{"taxonomy":"post_tag","embeddable":true,"href":"https:\/\/www.europesays.com\/fr\/wp-json\/wp\/v2\/tags?post=498177"}],"curies":[{"name":"wp","href":"https:\/\/api.w.org\/{rel}","templated":true}]}}