{"id":498181,"date":"2025-10-29T17:49:15","date_gmt":"2025-10-29T17:49:15","guid":{"rendered":"https:\/\/www.europesays.com\/fr\/498181\/"},"modified":"2025-10-29T17:49:15","modified_gmt":"2025-10-29T17:49:15","slug":"jean-michel-aulas-ecrase-gregory-doucet-selon-un-sondage-inedit","status":"publish","type":"post","link":"https:\/\/www.europesays.com\/fr\/498181\/","title":{"rendered":"Jean-Michel Aulas \u00e9crase Gr\u00e9gory Doucet selon un sondage in\u00e9dit"},"content":{"rendered":"<p>            Par<br \/>\n        <strong><br \/>\n            <a href=\"https:\/\/actu.fr\/auteur\/nicolas-zaugra\" title=\"Consulter tous les articles de Nicolas Zaugra\" target=\"_blank\" rel=\"noopener\">Nicolas Zaugra<\/a><br \/>\n        <\/strong><\/p>\n<p>        Publi\u00e9 le<\/p>\n<p>            29 oct. 2025 \u00e0 14h56<br \/>\n        ; mis \u00e0 jour le 29 oct. 2025 \u00e0 15h50    <\/p>\n<p>Un nouveau sondage* confirme la \u00ab\u00a0vague\u00a0\u00bb <a href=\"https:\/\/actu.fr\/auvergne-rhone-alpes\/lyon_69123\/lyon-municipales-l-interview-de-gregory-doucet-agace-jean-michel-aulas-un-signalement-fait_63278692.html\" target=\"_blank\" rel=\"noopener\">Jean-Michel Aulas<\/a> en cet automne 2025. Le candidat aux <a href=\"https:\/\/actu.fr\/tag\/municipales-2026\" target=\"_blank\" rel=\"noopener\">municipales 2026<\/a> sans \u00e9tiquette, mais soutenu par LR et les partis macronistes, est donn\u00e9 largement en t\u00eate au 1\u1d49\u02b3 tour dans une enqu\u00eate OpinionWay \u00e0 para\u00eetre pour Lyon Mag et Radio Espace et dont les r\u00e9sultats ont \u00e9t\u00e9 consult\u00e9s par actu Lyon aupr\u00e8s de plusieurs sources. Le chef d\u2019entreprise est cr\u00e9dit\u00e9 de <strong>47% d\u2019intentions de vote<\/strong>, confirmant un pr\u00e9c\u00e9dent <a href=\"https:\/\/actu.fr\/auvergne-rhone-alpes\/lyon_69123\/lyon-municipales-2026-jean-michel-aulas-battrait-tres-largement-gregory-doucet-selon-un-sondage_63295872.html\" target=\"_blank\" rel=\"noopener\">sondage publi\u00e9 le 14 octobre dernier donnant le m\u00eame score<\/a>.<\/p>\n<p class=\" wall-content\">Le maire \u00e9cologiste sortant <a href=\"https:\/\/actu.fr\/auvergne-rhone-alpes\/lyon_69123\/lyon-gregory-doucet-decroche-de-nouveaux-soutiens-face-au-risque-d-un-virage-a-droite_63354645.html\" target=\"_blank\" rel=\"noopener\">Gr\u00e9gory Doucet<\/a> est de nouveau distanc\u00e9 avec 24% d\u2019intentions de vote au 1er tour dans le sc\u00e9nario d\u2019une liste soutenue par les \u00c9cologistes, le PS et le PCF. Cet \u00e9cart consid\u00e9rable confirme les difficult\u00e9s de l\u2019\u00e9lu, pas encore officiellement en campagne, et qui pourrait se lancer sur le terrain avant les f\u00eates de fin d\u2019ann\u00e9e.<\/p>\n<p>LFI en troisi\u00e8me force, Georges K\u00e9p\u00e9n\u00e9kian s\u2019effondre<\/p>\n<p class=\" wall-content\">En troisi\u00e8me position, LFI est mesur\u00e9e \u00e0 10% (contre 15% dans le sondage Mag2Lyon). Ce score est obtenu avant l\u2019<a href=\"https:\/\/actu.fr\/auvergne-rhone-alpes\/lyon_69123\/municipales-2026-a-lyon-anais-belouassa-cherifi-deputee-lfi-officialise-sa-candidature_63326104.html\" target=\"_blank\" rel=\"noopener\">annonce officielle de candidature de la d\u00e9put\u00e9e Ana\u00efs Belouassa-Cherifi<\/a> d\u00e9sormais t\u00eate de liste. Un score qui permet tout juste de se qualifier pour le second tour afin de se maintenir ou \u00e9ventuellement fusionner avec les listes de Gr\u00e9gory Doucet.<\/p>\n<p class=\" wall-content\">Le candidat UDR\/ RN <a href=\"https:\/\/actu.fr\/auvergne-rhone-alpes\/lyon_69123\/municipales-2026-a-lyon-alexandre-dupalais-udr-rn-propose-la-gratuite-du-stationnement_63216429.html\" target=\"_blank\" rel=\"noopener\">Alexandre Dupalais<\/a> est donn\u00e9 \u00e0 8% d\u2019intentions de vote, la candidate de gauche sans \u00e9tiquette et ex-adjointe <a href=\"https:\/\/actu.fr\/auvergne-rhone-alpes\/lyon_69123\/lyon-municipales-2026-nathalie-perrin-gilbert-precise-la-gratuite-des-tcl-et-fait-une-annonce_63250290.html\" target=\"_blank\" rel=\"noopener\">Nathalie Perrin-Gilbert<\/a> \u00e0 7%.<\/p>\n<p class=\" wall-content\">La surprise est le tr\u00e8s mauvais score de l\u2019ancien maire centriste <a href=\"https:\/\/actu.fr\/auvergne-rhone-alpes\/lyon_69123\/lyon-municipales-2026-ni-doucet-ni-aulas-georges-kepenekian-explique-son-pari-en-solo_63284328.html\" target=\"_blank\" rel=\"noopener\">Georges K\u00e9p\u00e9n\u00e9kian<\/a>, mesur\u00e9 \u00e0 seulement 3%. L\u2019institut n\u2019a pas retenu le sc\u00e9nario d\u2019une possible alliance entre K\u00e9p\u00e9n\u00e9kian et Perrin-Gilbert, les deux candidats ayant pourtant des discussions. Olivier Minoux (LO) est donn\u00e9 \u00e0 1%.<\/p>\n<p>Jean-Michel Aulas gagnant au 2e tour<\/p>\n<p>Le sondage du 14 octobre de Mag2 Lyon donnait Jean-Michel Aulas largement vainqueur face \u00e0 Gr\u00e9gory Doucet au second tour. Le chef d&rsquo;entreprise dominerait son adversaire \u00e0 61% contre 39% pour le maire sortant.<\/p>\n<p>Doucet et la gauche cartonne chez les jeunes, Aulas chez les autres<\/p>\n<p>Le sondage mesure aussi les intentions de vote par \u00e2ge et par cat\u00e9gories sociales.<\/p>\n<p>Au global, la gauche fait carton plein chez les 18-24 ans avec 84% d&rsquo;intentions de vote se partageant entre Gr\u00e9gory Doucet (37%), Nathalie Perrin Gilbert (30%) et Ana\u00efs Belouassa-Cherifi (17%) et seulement 16% pour JMA. Jean-Michel Aulas arrive en t\u00eate dans les autres cat\u00e9gories d&rsquo;\u00e2ge : 48% sur les 40-54 ans, de 67% sur les 55-64 ans et de 58% pour les 65 ans et plus.<\/p>\n<p>Chez les CSP+ (cat\u00e9gorie sociales sup\u00e9rieures), Aulas est nettement devant \u00e0 47% contre 24% pour Doucet. Chez les (CSP-, ouvriers, employ\u00e9s&#8230;), Aulas est en t\u00eate \u00e0 45%.<\/p>\n<p>Les hommes voteraient aussi largement JMA \u00e0 56%.<\/p>\n<p>Votre r\u00e9gion, votre actu !<\/p>\n<p>Recevez chaque jour les infos qui comptent pour vous.<\/p>\n<p>\t<a href=\"https:\/\/actu.fr\/newsletter\" class=\"ac-btn ac-btn--corner ac-btn--medium ac-btn--blue800\" target=\"_blank\" rel=\"noopener\">S&rsquo;incrire<\/a><br \/>\nLa dynamique Aulas, l\u2019urgence Doucet<\/p>\n<p class=\" wall-content\">Ce sondage confirme la dynamique de la candidature de Jean-Michel Aulas qui est donn\u00e9 proche d\u2019une victoire au 1er tour. Le chef d\u2019entreprise, ex-patron de l\u2019OL, a annonc\u00e9 sa candidature fin septembre. Avec de telles intentions de vote, il fait figure de favori en survolant une campagne o\u00f9 il appara\u00eet seul.<\/p>\n<p class=\" wall-content\">D\u00e9but novembre, apr\u00e8s les vacances de la Toussaint, il doit reprendre des actions de terrain pour rencontrer des Lyonnais et inaugurer son QG de campagne, selon nos informations.<\/p>\n<p class=\" wall-content\">Du c\u00f4t\u00e9 de Gr\u00e9gory Doucet, il y a urgence \u00e0 entrer en campagne. Mais le maire privil\u00e9gie une campagne souterraine en n\u00e9gociant ses accords politiques \u00e0 gauche, constituant ses \u00e9quipes et en pr\u00e9parant son arriv\u00e9e sur le terrain. Il pourrait se lancer avant No\u00ebl et parie sur une dynamique.<\/p>\n<p class=\" wall-content\">Mais certains, autour de lui, estiment qu\u2019il est urgent d\u2019entrer en confrontation avec Jean-Michel Aulas et de faire du terrain. Des militants \u00e9cologistes tractent d\u00e9j\u00e0 sur les march\u00e9s les week-ends et des comptes pro-Doucet ont \u00e9t\u00e9 lanc\u00e9s sur TikTok ou Instagram.<\/p>\n<p class=\" wall-content\">*Sondage r\u00e9alis\u00e9 sur un \u00e9chantillon de 602 personnes inscrites sur les listes \u00e9lectorales \u00e0 Lyon, du 15 au 20 octobre 2025 par Opinion Way.<\/p>\n<p class=\" wall-content\">Personnalisez votre actualit\u00e9 en ajoutant vos villes et m\u00e9dias en favori avec <a href=\"https:\/\/moncompte.actu.fr\" title=\"D\u00e9couvez Mon Actu\" rel=\"nofollow noopener\" data-trk=\"{&quot;cta&quot;:{&quot;action&quot;:&quot;https:\\\/\\\/moncompte.actu.fr&quot;,&quot;category&quot;:&quot;mon compte&quot;,&quot;from&quot;:&quot;article footer&quot;,&quot;name&quot;:&quot;Mon actu&quot;,&quot;type&quot;:&quot;cta&quot;}}\" target=\"_blank\">Mon Actu<\/a>.<\/p>\n","protected":false},"excerpt":{"rendered":"Par Nicolas Zaugra Publi\u00e9 le 29 oct. 2025 \u00e0 14h56 ; mis \u00e0 jour le 29 oct. 2025&hellip;\n","protected":false},"author":2,"featured_media":498182,"comment_status":"","ping_status":"","sticky":false,"template":"","format":"standard","meta":{"footnotes":""},"categories":[1889],"tags":[1111,11,2430,4188,1777,674,1011,27,5226,5227,2428,3434,12,316,25],"class_list":{"0":"post-498181","1":"post","2":"type-post","3":"status-publish","4":"format-standard","5":"has-post-thumbnail","7":"category-lyon","8":"tag-actu","9":"tag-actualites","10":"tag-auvergne-rhone-alpes","11":"tag-elections-municipales","12":"tag-eu","13":"tag-europe","14":"tag-fr","15":"tag-france","16":"tag-gregory-doucet","17":"tag-jean-michel-aulas","18":"tag-lyon","19":"tag-municipales-2026","20":"tag-news","21":"tag-politique","22":"tag-republique-francaise"},"share_on_mastodon":{"url":"https:\/\/pubeurope.com\/@fr\/115458720699113716","error":""},"_links":{"self":[{"href":"https:\/\/www.europesays.com\/fr\/wp-json\/wp\/v2\/posts\/498181","targetHints":{"allow":["GET"]}}],"collection":[{"href":"https:\/\/www.europesays.com\/fr\/wp-json\/wp\/v2\/posts"}],"about":[{"href":"https:\/\/www.europesays.com\/fr\/wp-json\/wp\/v2\/types\/post"}],"author":[{"embeddable":true,"href":"https:\/\/www.europesays.com\/fr\/wp-json\/wp\/v2\/users\/2"}],"replies":[{"embeddable":true,"href":"https:\/\/www.europesays.com\/fr\/wp-json\/wp\/v2\/comments?post=498181"}],"version-history":[{"count":0,"href":"https:\/\/www.europesays.com\/fr\/wp-json\/wp\/v2\/posts\/498181\/revisions"}],"wp:featuredmedia":[{"embeddable":true,"href":"https:\/\/www.europesays.com\/fr\/wp-json\/wp\/v2\/media\/498182"}],"wp:attachment":[{"href":"https:\/\/www.europesays.com\/fr\/wp-json\/wp\/v2\/media?parent=498181"}],"wp:term":[{"taxonomy":"category","embeddable":true,"href":"https:\/\/www.europesays.com\/fr\/wp-json\/wp\/v2\/categories?post=498181"},{"taxonomy":"post_tag","embeddable":true,"href":"https:\/\/www.europesays.com\/fr\/wp-json\/wp\/v2\/tags?post=498181"}],"curies":[{"name":"wp","href":"https:\/\/api.w.org\/{rel}","templated":true}]}}