{"id":498183,"date":"2025-10-29T17:50:19","date_gmt":"2025-10-29T17:50:19","guid":{"rendered":"https:\/\/www.europesays.com\/fr\/498183\/"},"modified":"2025-10-29T17:50:19","modified_gmt":"2025-10-29T17:50:19","slug":"rhone-dans-cette-rue-craignos-de-lyon-une-mercedes-ravagee-par-les-flammes-inquiete-les-riverains","status":"publish","type":"post","link":"https:\/\/www.europesays.com\/fr\/498183\/","title":{"rendered":"Rh\u00f4ne. Dans cette \u00ab\u00a0rue craignos\u00a0\u00bb de Lyon, une Mercedes ravag\u00e9e par les flammes inqui\u00e8te les riverains"},"content":{"rendered":"<p>\u00ab\u00a0J\u2019ai entendu un bruit sourd, anormal\u00a0\u00bb, t\u00e9moigne C\u00e9cile, ing\u00e9nieure de 33 ans habitant rue Victor Lagrange, dans le 7e arrondissement de Lyon. Il est aux alentours de minuit, ce mardi 28\u00a0octobre, lorsque cette riveraine envoie un message sur le groupe WhatsApp de sa r\u00e9sidence, pour savoir si des voisins ont relev\u00e9 l\u2019anomalie. \u00ab\u00a0Il y a une voiture qui br\u00fble dehors\u00a0\u00bb, lui r\u00e9pond l\u2019un d\u2019entre eux.<\/p>\n<p>  Bris de vitres, d\u00e9p\u00f4ts sauvages\u2026<\/p>\n<p>C\u00e9cile prend son t\u00e9l\u00e9phone pour filmer la sc\u00e8ne. Tr\u00e8s vite, les pompiers interviennent et mettent fin \u00e0 l\u2019incendie. Si l\u2019origine du feu n\u2019est pas encore connue, la riveraine t\u00e9moigne d\u2019 \u00ab\u00a0incivilit\u00e9s permanentes\u00a0\u00bb dans cette rue parall\u00e8le \u00e0 la ligne de chemin de fer. Notamment la r\u00e9currence des bris de vitres des v\u00e9hicules qui y sont gar\u00e9s. \u00ab\u00a0Je ne connais pas une personne qui habite le quartier qui n\u2019en ait pas \u00e9t\u00e9 victime\u00a0\u00bb. Sur les r\u00e9seaux sociaux, o\u00f9 elle a post\u00e9 une photo de la Mercedes en feu, nombreux sont ceux qui attestent d\u2019une \u00ab\u00a0rue craignos\u00a0\u00bb. D\u2019ailleurs, le v\u00e9hicule aurait pris feu \u00e0 proximit\u00e9 d\u2019un immeuble en proie \u00e0 plusieurs incendies l\u2019ann\u00e9e derni\u00e8re.<\/p>\n<p>C\u00e9cile d\u00e9nonce, en sus, <a href=\"https:\/\/www.leprogres.fr\/environnement\/2025\/09\/09\/une-problematique-recurrente-des-cameras-traquent-les-depots-sauvages-a-venissieux-60-a-8-000-d-amendes\" target=\"_blank\" rel=\"noopener\">des d\u00e9p\u00f4ts sauvages<\/a> (\u00ab\u00a0machines \u00e0 laver, matelas, micro-ondes\u00a0\u00bb) sur le terrain d\u2019un particulier. \u00ab\u00a0Il n\u2019y a pas de vid\u00e9osurveillance, et on voit rarement des patrouilles de polices\u00a0\u00bb, souffle-t-elle encore, avant de synth\u00e9tiser\u00a0: \u00ab\u00a0On ne sent pas en s\u00e9curit\u00e9 ici\u00a0\u00bb. Elle assure toutefois que \u00ab\u00a0depuis 5 ans que j\u2019habite ici, c\u2019est la premi\u00e8re fois que je vois une voiture br\u00fbler.\u00a0\u00bb<\/p>\n","protected":false},"excerpt":{"rendered":"\u00ab\u00a0J\u2019ai entendu un bruit sourd, anormal\u00a0\u00bb, t\u00e9moigne C\u00e9cile, ing\u00e9nieure de 33 ans habitant rue Victor Lagrange, dans le&hellip;\n","protected":false},"author":2,"featured_media":498184,"comment_status":"","ping_status":"","sticky":false,"template":"","format":"standard","meta":{"footnotes":""},"categories":[1889],"tags":[1111,11,2430,271,272,2757,1777,674,274,107,1011,27,2428,5947,5946,12,25,2429],"class_list":{"0":"post-498183","1":"post","2":"type-post","3":"status-publish","4":"format-standard","5":"has-post-thumbnail","7":"category-lyon","8":"tag-actu","9":"tag-actualites","10":"tag-auvergne-rhone-alpes","11":"tag-crime","12":"tag-delit-et-contravention","13":"tag-edition-lyon-villeurbanne","14":"tag-eu","15":"tag-europe","16":"tag-faits-divers-justice","17":"tag-fil-info","18":"tag-fr","19":"tag-france","20":"tag-lyon","21":"tag-lyon-7e","22":"tag-lyon-7e-arrondissement","23":"tag-news","24":"tag-republique-francaise","25":"tag-rhone"},"share_on_mastodon":{"url":"https:\/\/pubeurope.com\/@fr\/115458724516845241","error":""},"_links":{"self":[{"href":"https:\/\/www.europesays.com\/fr\/wp-json\/wp\/v2\/posts\/498183","targetHints":{"allow":["GET"]}}],"collection":[{"href":"https:\/\/www.europesays.com\/fr\/wp-json\/wp\/v2\/posts"}],"about":[{"href":"https:\/\/www.europesays.com\/fr\/wp-json\/wp\/v2\/types\/post"}],"author":[{"embeddable":true,"href":"https:\/\/www.europesays.com\/fr\/wp-json\/wp\/v2\/users\/2"}],"replies":[{"embeddable":true,"href":"https:\/\/www.europesays.com\/fr\/wp-json\/wp\/v2\/comments?post=498183"}],"version-history":[{"count":0,"href":"https:\/\/www.europesays.com\/fr\/wp-json\/wp\/v2\/posts\/498183\/revisions"}],"wp:featuredmedia":[{"embeddable":true,"href":"https:\/\/www.europesays.com\/fr\/wp-json\/wp\/v2\/media\/498184"}],"wp:attachment":[{"href":"https:\/\/www.europesays.com\/fr\/wp-json\/wp\/v2\/media?parent=498183"}],"wp:term":[{"taxonomy":"category","embeddable":true,"href":"https:\/\/www.europesays.com\/fr\/wp-json\/wp\/v2\/categories?post=498183"},{"taxonomy":"post_tag","embeddable":true,"href":"https:\/\/www.europesays.com\/fr\/wp-json\/wp\/v2\/tags?post=498183"}],"curies":[{"name":"wp","href":"https:\/\/api.w.org\/{rel}","templated":true}]}}