{"id":498187,"date":"2025-10-29T17:53:16","date_gmt":"2025-10-29T17:53:16","guid":{"rendered":"https:\/\/www.europesays.com\/fr\/498187\/"},"modified":"2025-10-29T17:53:16","modified_gmt":"2025-10-29T17:53:16","slug":"consensuel-inconnu-qui-est-pierre-yves-bournazel-lanti-dati-a-droite-pour-les-municipales-a-paris","status":"publish","type":"post","link":"https:\/\/www.europesays.com\/fr\/498187\/","title":{"rendered":"\u00ab\u00a0Consensuel\u00a0\u00bb, \u00ab\u00a0inconnu\u00a0\u00bb&#8230; Qui est Pierre-Yves Bournazel, l'\u00a0\u00bbanti-Dati\u00a0\u00bb \u00e0 droite pour les municipales \u00e0 Paris"},"content":{"rendered":"<p>            Par<br \/>\n        <strong><br \/>\n            <a href=\"https:\/\/actu.fr\/auteur\/antoine-grotteria02\" title=\"Consulter tous les articles de Antoine Grotteria\" target=\"_blank\" rel=\"noopener\">Antoine Grotteria<\/a><br \/>\n        <\/strong><\/p>\n<p>        Publi\u00e9 le<\/p>\n<p>            29 oct. 2025 \u00e0 18h19        <\/p>\n<p>En 2020, il s\u2019\u00e9tait rang\u00e9 derri\u00e8re le candidat macroniste, <a href=\"https:\/\/actu.fr\/tag\/benjamin-griveaux\" target=\"_blank\" rel=\"noopener\">Benjamin Griveaux<\/a>. Cette fois-ci, la Macronie monte \u00e0 bord de son navire. Signe d\u2019une crise existentielle du bloc central, r\u00e9pudiation de la candidature de <a href=\"https:\/\/actu.fr\/tag\/rachida-dati\" target=\"_blank\" rel=\"noopener\">Rachida Dati<\/a>, embourb\u00e9e dans les <a href=\"https:\/\/actu.fr\/politique\/rachida-dati-bientot-jugee-900-000-euros-touches-corruption-on-vous-resume-l-affaire-point-par-point_62945361.html\" target=\"_blank\" rel=\"noopener\">affaires judiciaires<\/a>, ou r\u00e9elle croyance dans ses chances de r\u00e9ussite, <a href=\"https:\/\/actu.fr\/ile-de-france\/paris_75056\/municipales-2026-un-cimetiere-a-favoris-pierre-yves-bournazel-veut-changer-le-mode-de-gouvernance-a-paris_61962280.html\" target=\"_blank\" rel=\"noopener\">Pierre-Yves Bournazel<\/a> n\u2019en a cure. Pour la premi\u00e8re fois en trois tentatives, le conseiller du 18e arrondissement de <a href=\"https:\/\/actu.fr\/paris\/\" target=\"_blank\" rel=\"noopener\">Paris<\/a>, cadre du parti Horizons de l\u2019ex-Premier ministre <a href=\"https:\/\/actu.fr\/tag\/edouard-philippe\" target=\"_blank\" rel=\"noopener\">\u00c9douard Philippe<\/a>, va jouer un <strong>r\u00f4le majeur<\/strong> aux prochaines <strong>\u00e9lections municipales<\/strong>, qui se d\u00e9rouleront les 15 et 22\u00a0mars 2026. L\u2019onction donn\u00e9e par <a href=\"https:\/\/actu.fr\/tag\/renaissance-ex-lrem\" target=\"_blank\" rel=\"noopener\">Renaissance<\/a>, mardi 28\u00a0octobre 2025, ouvre une fen\u00eatre par laquelle il n\u2019avait jamais pu s\u2019engouffrer jusqu\u2019\u00e0 pr\u00e9sent. \u00c0 48\u00a0ans, cet ancien d\u00e9put\u00e9 Les R\u00e9publicains (LR), qui a d\u00e9j\u00e0 travaill\u00e9 avec Rachida Dati, se revendiquait en juin dans actu Paris \u00eatre un \u00ab<strong>\u2009homme de progr\u00e8s\u2009\u00bb<\/strong>, loin du \u00ab<strong>\u2009buzz<\/strong>\u2009\u00bb et \u00ab\u2009des <strong>attaques personnelles<\/strong>\u2009\u00bb formul\u00e9es, selon lui, par la ministre de la Justice et maire du 7e arrondissement investie par <a href=\"https:\/\/actu.fr\/tag\/les-republicains-lr\" target=\"_blank\" rel=\"noopener\">LR<\/a>.<\/p>\n<p>Une image d\u2019\u00e9lu consensuel<\/p>\n<p class=\" wall-content\">Si dans <a href=\"https:\/\/www.leparisien.fr\/elections\/municipales\/municipales-a-paris-je-ferai-campagne-aux-cotes-de-rachida-dati-annonce-sylvain-maillard-28-10-2025-D3AGOBWGJBGXRD2BL7PBLX2EH4.php\" target=\"_blank\" rel=\"noopener\">Le Parisien<\/a>, le d\u00e9put\u00e9 de Paris <strong>Sylvain Maillard<\/strong> a fait savoir qu\u2019il quittait la direction de la F\u00e9d\u00e9ration parisienne de Renaissance pour soutenir Rachida Dati, la majorit\u00e9 des \u00e9lus parisiens appuient le choix de <a href=\"https:\/\/actu.fr\/tag\/gabriel-attal\" target=\"_blank\" rel=\"noopener\">Gabriel Attal<\/a>, le patron du parti. \u00ab\u2009Il faut de la <strong>bienveillance<\/strong>, car je sens monter une agressivit\u00e9 latente dans la population. Pierre-Yves Bournazel <strong>rassemble<\/strong> plus qu\u2019il ne clive\u2009\u00bb, explique \u00e0 actu Paris Florence de Massol, conseill\u00e8re Renaissance du 20e arrondissement.<\/p>\n<p class=\" wall-content\">\n<p class=\" wall-content\">L\u2019ancienne premi\u00e8re adjointe \u00e0 la maire du 20e arrondissement, a cosign\u00e9, mardi 28\u00a0octobre, une <strong>tribune<\/strong> dans <a href=\"https:\/\/www.lopinion.fr\/politique\/pour-lalternance-avec-pierre-yves-bournazel-par-41-membres-parisiens-du-parti-renaissance\" target=\"_blank\" rel=\"noopener\">L\u2019Opinion<\/a>, aux c\u00f4t\u00e9s d\u2019une quarantaine de membres du comit\u00e9 politique de Renaissance, appelant \u00e0 <strong>soutenir<\/strong> Pierre-Yves Bournazel. \u00ab\u2009C\u2019est un homme qui correspond davantage \u00e0 mes valeurs et \u00e0 mes id\u00e9es. Il \u00e9tait assez novateur sur les questions environnementales, ce qui est agr\u00e9able pour moi qui suis tr\u00e8s engag\u00e9e \u00e0 ce sujet\u2009\u00bb, mart\u00e8le-t-elle.<\/p>\n<p class=\" wall-content\">Pour ceux qui le c\u00f4toient depuis le lancement de sa campagne, le candidat est \u00ab<strong>\u2009un homme du terrain<\/strong>\u2009\u00bb, qui \u00ab\u2009conna\u00eet parfaitement Paris\u2009\u00bb. Ces mots sont utilis\u00e9s par Bertil Fort. Cet entrepreneur, conseiller du 10e arrondissement de Paris, et d\u00e9l\u00e9gu\u00e9 Horizons, est aussi pr\u00e9sident de l\u2019association \u00ab\u2009Tous inDIXspensables\u2009\u00bb, qui \u0153uvre pour les services de Pierre-Yves Bournazel.<\/p>\n<blockquote class=\"ac-article-quote wall-content\">\n<p>\u00ab\u00a0Il incarne le rassemblement, il est ouvert, et fait preuve de consensus\u00a0\u00bb<\/p>\n<p>    <strong>Bertil Fort<\/strong><br \/>\n        D\u00e9l\u00e9gu\u00e9 Horizons du 10e arrondissement de Paris    <\/p><\/blockquote>\n<p>Aust\u00e9rit\u00e9 et \u00ab\u2009progr\u00e8s\u2009\u00bb<\/p>\n<p class=\" wall-content\">Cette qu\u00eate de l\u2019\u00e9quilibre et de la mod\u00e9ration s\u2019articule \u00e0 un programme de droite <strong>lib\u00e9rale<\/strong> sur le plan \u00e9conomique et plus <strong>progressiste<\/strong> sur les questions soci\u00e9tales, notamment sur les droits des personnes LGBT.<\/p>\n<p class=\" wall-content\">\u00ab\u2009Il a le souci du d\u00e9passement et de l\u2019apaisement, un peu comme un anti Rachida Dati, qui repr\u00e9sente une certaine animosit\u00e9 et cherche \u00e0 <strong>cristalliser les d\u00e9bats<\/strong>\u2009\u00bb, juge David Ouzilou, responsable du comit\u00e9 Renaissance du 12e arrondissement et ancien candidat aux \u00e9lections l\u00e9gislatives. \u00ab\u2009Sur <a href=\"https:\/\/actu.fr\/paris\/climat\" target=\"_blank\" rel=\"noopener\">l\u2019\u00e9cologie<\/a>, les <a href=\"https:\/\/actu.fr\/tag\/transport\" target=\"_blank\" rel=\"noopener\">transports<\/a> et d\u2019autres th\u00e9matiques, je ne peux que souscrire \u00e0 son projet\u2009\u00bb, conc\u00e8de-t-il.<\/p>\n<p>Votre r\u00e9gion, votre actu !<\/p>\n<p>Recevez chaque jour les infos qui comptent pour vous.<\/p>\n<p>\t<a href=\"https:\/\/actu.fr\/newsletter\" class=\"ac-btn ac-btn--corner ac-btn--medium ac-btn--blue800\" target=\"_blank\" rel=\"noopener\">S&rsquo;incrire<\/a><\/p>\n<p class=\" wall-content\">\n<p class=\" wall-content\">Tr\u00e8s critique envers l\u2019ex\u00e9cutif, il entend s\u2019attaquer \u00e0 la <a href=\"https:\/\/actu.fr\/ile-de-france\/paris_75056\/une-dette-en-hausse-de-120-en-dix-ans-un-rapport-alerte-sur-les-finances-de-la-ville-de-paris_63214458.html\" target=\"_blank\" rel=\"noopener\">dette<\/a> de la Ville en mettant en place un plan d\u2019aust\u00e9rit\u00e9 d\u2019un <strong>milliard d\u2019euros d\u2019\u00e9conomies<\/strong> lors de la prochaine mandature s\u2019il \u00e9tait \u00e9lu. Pour ce faire, il souhaite supprimer plus de <strong>2000 postes de fonctionnaires et de hauts fonctionnaires<\/strong> de la \u00ab\u2009technostructure\u2009\u00bb et remettre \u00ab\u2009les agents de proximit\u00e9 sur le terrain\u2009\u00bb.<\/p>\n<p>    <img   decoding=\"async\" loading=\"lazy\" src=\"https:\/\/www.europesays.com\/fr\/wp-content\/uploads\/2025\/10\/meeting-bournazel-municipales-paris-13-960x640.jpg\" alt=\"Pierre-Yves Bournazel et Edouard Philippe au meeting du Trianon. \" width=\"960\" height=\"640\"\/><br \/>\n    Pierre-Yves Bournazel et Edouard Philippe, le patron du parti Horizons, au meeting du Trianon dans le 18e arrondissement. (\u00a9AG\/ actu Paris)Un d\u00e9ficit de notori\u00e9t\u00e9<\/p>\n<p class=\" wall-content\">Cette mesure s\u2019adosse aux consultations men\u00e9es par ses hommes de terrain, comme Bertil Fort. \u00ab\u2009Il y a une n\u00e9cessaire am\u00e9lioration des services publics de proximit\u00e9. Les citoyens veulent aussi un meilleur am\u00e9nagement de leur territoire, avec <strong>moins de travaux<\/strong>, et aussi une envie d\u2019\u00eatre associ\u00e9s \u00e0 la d\u00e9mocratie locale\u2009\u00bb, mart\u00e8le-t-il.<\/p>\n<p class=\" wall-content\">Difficile de trouver des contempteurs de Pierre-Yves Bournazel. Pourtant, son visage reste <strong>peu identifi\u00e9<\/strong> des Parisiens, contrairement \u00e0 Rachida Dati, pensent certains qui ont opt\u00e9 pour cette derni\u00e8re.<\/p>\n<blockquote class=\"ac-article-quote wall-content\">\n<p>\u00ab\u00a0Il est relativement inconnu. Et sa voie est molle. De notre c\u00f4t\u00e9, nous voulions nous associer \u00e0 une personne qui soit vraiment capable de repr\u00e9senter l&rsquo;alternance \u00e0 Anne Hidalgo et la gauche. C&rsquo;est Rachida Dati\u00a0\u00bb<\/p>\n<p>    <strong>Amaury Hoymans<\/strong><br \/>\n        Ex-membre du bureau Renaissance Paris et d\u00e9l\u00e9gu\u00e9 de la 3e circonscription    <\/p><\/blockquote>\n<p class=\" wall-content\">Ce cadre de la Macronie parisienne a ainsi fait le choix, comme <a href=\"https:\/\/actu.fr\/ile-de-france\/paris_75056\/legislatives-2024-a-paris-sylvain-maillard-elu-pour-la-troisieme-fois-depute_61309756.html\" target=\"_blank\" rel=\"noopener\">Sylvain Maillard<\/a>, de se <strong>mettre en retrait de ses fonctions<\/strong>. D\u00e9sormais engag\u00e9 aupr\u00e8s de Rachida Dati, il estime que les sujets prioritaires se concentreront autour de la \u00ab\u2009s\u00e9curit\u00e9\u2009\u00bb. \u00ab\u2009Il faudra utiliser l\u2019intelligence artificielle (IA) et augmenter les services de la police municipale pour lutter contre la d\u00e9linquance\u2009\u00bb, fait-il savoir.\u00a0Il reste encore cinq mois pour peaufiner les programmes et affiner les strat\u00e9gies.<\/p>\n<p class=\" wall-content\">Personnalisez votre actualit\u00e9 en ajoutant vos villes et m\u00e9dias en favori avec <a href=\"https:\/\/moncompte.actu.fr\" title=\"D\u00e9couvez Mon Actu\" rel=\"nofollow noopener\" data-trk=\"{&quot;cta&quot;:{&quot;action&quot;:&quot;https:\\\/\\\/moncompte.actu.fr&quot;,&quot;category&quot;:&quot;mon compte&quot;,&quot;from&quot;:&quot;article footer&quot;,&quot;name&quot;:&quot;Mon actu&quot;,&quot;type&quot;:&quot;cta&quot;}}\" target=\"_blank\">Mon Actu<\/a>.<\/p>\n","protected":false},"excerpt":{"rendered":"Par Antoine Grotteria Publi\u00e9 le 29 oct. 2025 \u00e0 18h19 En 2020, il s\u2019\u00e9tait rang\u00e9 derri\u00e8re le candidat&hellip;\n","protected":false},"author":2,"featured_media":498188,"comment_status":"","ping_status":"","sticky":false,"template":"","format":"standard","meta":{"footnotes":""},"categories":[1888],"tags":[1111,1928,11,1927,4188,1777,674,1011,27,2381,3434,12,1926,626,1925,316,417,25],"class_list":{"0":"post-498187","1":"post","2":"type-post","3":"status-publish","4":"format-standard","5":"has-post-thumbnail","7":"category-paris","8":"tag-actu","9":"tag-actu-paris","10":"tag-actualites","11":"tag-actualites-paris","12":"tag-elections-municipales","13":"tag-eu","14":"tag-europe","15":"tag-fr","16":"tag-france","17":"tag-mairie-de-paris","18":"tag-municipales-2026","19":"tag-news","20":"tag-news-paris","21":"tag-paris","22":"tag-paris-news","23":"tag-politique","24":"tag-rachida-dati","25":"tag-republique-francaise"},"share_on_mastodon":{"url":"https:\/\/pubeurope.com\/@fr\/115458737284832111","error":""},"_links":{"self":[{"href":"https:\/\/www.europesays.com\/fr\/wp-json\/wp\/v2\/posts\/498187","targetHints":{"allow":["GET"]}}],"collection":[{"href":"https:\/\/www.europesays.com\/fr\/wp-json\/wp\/v2\/posts"}],"about":[{"href":"https:\/\/www.europesays.com\/fr\/wp-json\/wp\/v2\/types\/post"}],"author":[{"embeddable":true,"href":"https:\/\/www.europesays.com\/fr\/wp-json\/wp\/v2\/users\/2"}],"replies":[{"embeddable":true,"href":"https:\/\/www.europesays.com\/fr\/wp-json\/wp\/v2\/comments?post=498187"}],"version-history":[{"count":0,"href":"https:\/\/www.europesays.com\/fr\/wp-json\/wp\/v2\/posts\/498187\/revisions"}],"wp:featuredmedia":[{"embeddable":true,"href":"https:\/\/www.europesays.com\/fr\/wp-json\/wp\/v2\/media\/498188"}],"wp:attachment":[{"href":"https:\/\/www.europesays.com\/fr\/wp-json\/wp\/v2\/media?parent=498187"}],"wp:term":[{"taxonomy":"category","embeddable":true,"href":"https:\/\/www.europesays.com\/fr\/wp-json\/wp\/v2\/categories?post=498187"},{"taxonomy":"post_tag","embeddable":true,"href":"https:\/\/www.europesays.com\/fr\/wp-json\/wp\/v2\/tags?post=498187"}],"curies":[{"name":"wp","href":"https:\/\/api.w.org\/{rel}","templated":true}]}}