{"id":498189,"date":"2025-10-29T17:54:12","date_gmt":"2025-10-29T17:54:12","guid":{"rendered":"https:\/\/www.europesays.com\/fr\/498189\/"},"modified":"2025-10-29T17:54:12","modified_gmt":"2025-10-29T17:54:12","slug":"paris-marque-le-pas-malgre-les-records-a-wall-street-29-10-2025-a-1754","status":"publish","type":"post","link":"https:\/\/www.europesays.com\/fr\/498189\/","title":{"rendered":"Paris: marque le pas malgr\u00e9 les records \u00e0 Wall Street &#8211; 29\/10\/2025 \u00e0 17:54"},"content":{"rendered":"<p>                                                                La Bourse de Paris conclut la s\u00e9ance sur un repli de 0,19%, \u00e0 8200 points, p\u00e9nalis\u00e9e par Thales et Air Liquide (-2,4% chacun) ou encore Euronext (-1,9%).L&rsquo;indice parisien fait montre d&rsquo;une certaine apathie depuis la fin de la semaine derni\u00e8re et fait fi de la dynamique haussi\u00e8re outre-Atlantique, o\u00f9 Wall Street encha\u00eene record sur record.<br \/>\n<br \/>Ainsi, le Nasdaq poursuit son ascension et s&rsquo;arroge 0,4% (bien aid\u00e9 par Nvidia qui gagne 2,5% et franchit les 5000 MdUSD de capitalisation) tandis que le S&amp;P500 progresse de 0,2%.<br \/>\n<br \/>En cette fin de journ\u00e9e, les investisseurs ont d\u00e9sormais les yeux riv\u00e9s outre-Atlantique, o\u00f9 la Fed doit publier \u00e0 19h les conclusions de son comit\u00e9 strat\u00e9gique (FOMC) avant la tr\u00e8s attendue conf\u00e9rence de presse de son pr\u00e9sident, Jerome Powell.<\/p>\n<p>En r\u00e9ponse \u00e0 la r\u00e9cente d\u00e9gradation du march\u00e9 du travail aux \u00c9tats-Unis et \u00e0 une inflation qui para\u00eet d\u00e9sormais mieux ma\u00eetris\u00e9e, la banque centrale am\u00e9ricaine devrait opter pour une nouvelle r\u00e9duction du loyer de l&rsquo;argent de 25 points de base, apr\u00e8s celle d\u00e9j\u00e0 d\u00e9cid\u00e9e le 18 septembre.<br \/>\n<br \/>Comme toujours, le discours de Jerome Powell sera soigneusement d\u00e9cortiqu\u00e9 par les analystes avec l&rsquo;espoir d&rsquo;y d\u00e9celer des informations quant \u00e0 une \u00e9ventuelle baisse de taux suppl\u00e9mentaire d\u00e8s le mois de d\u00e9cembre.\n<\/p>\n<p>Les r\u00e9unions de politique mon\u00e9taire de la Banque du Japon et de la Banque d&rsquo;Angleterre, attendues demain, pourraient ajouter \u00e0 la prudence, les deux banques centrales devant maintenir leurs taux \u00e0 leurs niveaux actuels, avant de possibles assouplissements \u00e0 venir.\n<\/p>\n<p>&lsquo;Avec des valorisations proches des sommets cycliques et l&rsquo;incertitude politique toujours pr\u00e9sente, les investisseurs restent attentifs aux prochaines r\u00e9unions des banques centrales pour conna\u00eetre la direction \u00e0 prendre&rsquo;, estime Micha\u00ebl Lok, le directeur des investissements et co-directeur g\u00e9n\u00e9ral de la gestion d&rsquo;actifs chez UBP.\n<\/p>\n<p>Autre facteur de nervosit\u00e9 pour les investisseurs, la saison des r\u00e9sultats aux \u00c9tats-Unis va entrer dans une phase critique ce soir avec les publications de Microsoft, Alphabet et Meta, qui s&rsquo;annoncent cruciales sachant que les &lsquo;Sept Magnifiques&rsquo; ont largement contribu\u00e9 au &lsquo;rally&rsquo; de Wall Street ces derniers mois et que leurs niveaux de valorisation sont parfois jug\u00e9s tendus.\n<\/p>\n<p>Mais l&rsquo;optimisme ressurgit depuis vendredi dernier sur la question des relations commerciales sino-am\u00e9ricaines, Donald Trump ayant d\u00e9clar\u00e9 dans la soir\u00e9e avoir bon espoir de conclure un accord avec la Chine.\n<\/p>\n<p>&lsquo;On s&rsquo;attend \u00e0 ce que les deux dirigeants parviennent \u00e0 un accord qui permettra d&rsquo;apaiser les r\u00e9centes tensions&rsquo;, pronostiquent les strat\u00e9gistes de Danske Bank. &lsquo;Mais s&rsquo;ils \u00e9chouent, les actifs \u00e0 risque pourraient vite s&rsquo;enflammer de nouveau&rsquo;, pr\u00e9viennent-ils.\n<\/p>\n<p>Les rendements souverains am\u00e9ricains varient peu depuis une semaine dans l&rsquo;anticipation d&rsquo;une Fed plus accommodante : vu le climat &lsquo;risk-on&rsquo; du moment, le rendement du papier \u00e0 dix ans se retend de +1,7 pt vers 4,000%.\n<\/p>\n<p>Sur le Vieux Continent, le taux du dix ans allemand, longtemps fig\u00e9 vers 2,62%, se d\u00e9tend vers 2,617%, de m\u00eame que celui de l&rsquo;OAT, de 3,42% \u00e0 3,404%.<br \/>\n<br \/>L&rsquo;euro grappille 0,4% face au billet vert, \u00e0 1,166 USD et la paire reste obstin\u00e9ment install\u00e9e au sein de son r\u00e9cent trading range allant de 1,16 \u00e0 1,17 depuis 6 s\u00e9ances.\n<\/p>\n<p>Le p\u00e9trole reste orient\u00e9 \u00e0 la hausse, mais ralentit son avance en raison des anticipations d&rsquo;une nouvelle augmentation de la production de l&rsquo;Opep+, qui contrebalance le sentiment positif suscit\u00e9 par les n\u00e9gociations commerciales entre les \u00c9tats-Unis et la Chine.\n<\/p>\n<p>Le Brent progresse de 1,1% \u00e0 pr\u00e8s de 65,2 USD, tandis que le brut l\u00e9ger am\u00e9ricain (West Texas Intermediate, WTI) reprend 1,1% \u00e0 60,7 USD.<br \/>\n<br \/>L&rsquo;or gagne 1,5% et gravite au seuil des 4000 USD l&rsquo;once.\n<\/p>\n<p>Dans l&rsquo;actualit\u00e9 des soci\u00e9t\u00e9s tricolores, Sopra Steria affiche un chiffre d&rsquo;affaires d&rsquo;un peu moins de 1,32 milliard d&rsquo;euros au titre du 3e trimestre 2025, en recul de 3% en variation totale, dont une contraction organique (retrait\u00e9e d&rsquo;effets devises et p\u00e9rim\u00e8tre) de 2,9%.\n<\/p>\n<p>Le Groupe M6 publie un r\u00e9sultat op\u00e9rationnel courant (EBITA) de 37,5 millions d&rsquo;euros au titre de son 3e trimestre 2025, soit une marge op\u00e9rationnelle de 13,9%, en am\u00e9lioration de 0,6 point par rapport \u00e0 la m\u00eame p\u00e9riode de l&rsquo;ann\u00e9e derni\u00e8re.\n<\/p>\n<p>S\u00e9ch\u00e9 Environnement annonce un chiffre d&rsquo;affaires contributif de 277,3 millions d&rsquo;euros au titre du 3e trimestre 2025, marquant un recul de 3,2% en donn\u00e9es publi\u00e9es et de 2,9% \u00e0 change constant par rapport \u00e0 la m\u00eame p\u00e9riode de 2024.\n<\/p>\n<p>Assystem affiche un chiffre d&rsquo;affaires en croissance de 9,4% \u00e0 157,7 millions d&rsquo;euros au titre du 3e trimestre 2025, dont +6,8% en organique, +4,8% d&rsquo;effet p\u00e9rim\u00e8tre et -2,2% d&rsquo;effet de la variation des taux de change.<\/p>\n","protected":false},"excerpt":{"rendered":"La Bourse de Paris conclut la s\u00e9ance sur un repli de 0,19%, \u00e0 8200 points, p\u00e9nalis\u00e9e par Thales&hellip;\n","protected":false},"author":2,"featured_media":17400,"comment_status":"","ping_status":"","sticky":false,"template":"","format":"standard","meta":{"footnotes":""},"categories":[1888],"tags":[400,1111,1928,11,1927,398,408,405,1777,674,1011,27,403,402,399,404,12,1926,626,1925,25,401,406,407],"class_list":{"0":"post-498189","1":"post","2":"type-post","3":"status-publish","4":"format-standard","5":"has-post-thumbnail","7":"category-paris","8":"tag-action-cac-40","9":"tag-actu","10":"tag-actu-paris","11":"tag-actualites","12":"tag-actualites-paris","13":"tag-bourse-de-paris","14":"tag-boursorama","15":"tag-cotations","16":"tag-eu","17":"tag-europe","18":"tag-fr","19":"tag-france","20":"tag-indices-devises","21":"tag-investir","22":"tag-investissement","23":"tag-marche-boursier","24":"tag-news","25":"tag-news-paris","26":"tag-paris","27":"tag-paris-news","28":"tag-republique-francaise","29":"tag-sicav","30":"tag-trackers","31":"tag-warrants"},"share_on_mastodon":{"url":"https:\/\/pubeurope.com\/@fr\/115458740408804855","error":""},"_links":{"self":[{"href":"https:\/\/www.europesays.com\/fr\/wp-json\/wp\/v2\/posts\/498189","targetHints":{"allow":["GET"]}}],"collection":[{"href":"https:\/\/www.europesays.com\/fr\/wp-json\/wp\/v2\/posts"}],"about":[{"href":"https:\/\/www.europesays.com\/fr\/wp-json\/wp\/v2\/types\/post"}],"author":[{"embeddable":true,"href":"https:\/\/www.europesays.com\/fr\/wp-json\/wp\/v2\/users\/2"}],"replies":[{"embeddable":true,"href":"https:\/\/www.europesays.com\/fr\/wp-json\/wp\/v2\/comments?post=498189"}],"version-history":[{"count":0,"href":"https:\/\/www.europesays.com\/fr\/wp-json\/wp\/v2\/posts\/498189\/revisions"}],"wp:featuredmedia":[{"embeddable":true,"href":"https:\/\/www.europesays.com\/fr\/wp-json\/wp\/v2\/media\/17400"}],"wp:attachment":[{"href":"https:\/\/www.europesays.com\/fr\/wp-json\/wp\/v2\/media?parent=498189"}],"wp:term":[{"taxonomy":"category","embeddable":true,"href":"https:\/\/www.europesays.com\/fr\/wp-json\/wp\/v2\/categories?post=498189"},{"taxonomy":"post_tag","embeddable":true,"href":"https:\/\/www.europesays.com\/fr\/wp-json\/wp\/v2\/tags?post=498189"}],"curies":[{"name":"wp","href":"https:\/\/api.w.org\/{rel}","templated":true}]}}