{"id":498190,"date":"2025-10-29T17:55:22","date_gmt":"2025-10-29T17:55:22","guid":{"rendered":"https:\/\/www.europesays.com\/fr\/498190\/"},"modified":"2025-10-29T17:55:22","modified_gmt":"2025-10-29T17:55:22","slug":"les-dates-dinauguration-des-vitrines-de-noel-des-grands-magasins","status":"publish","type":"post","link":"https:\/\/www.europesays.com\/fr\/498190\/","title":{"rendered":"Les dates d\u2019inauguration des vitrines de No\u00ebl des grands magasins"},"content":{"rendered":"<p>\t\t\t\t\t\t\t\t\t\t\t\t\t\t\t\t\t\t\t\t\t\t<img loading=\"lazy\" decoding=\"async\" src=\"https:\/\/www.europesays.com\/fr\/wp-content\/uploads\/2025\/10\/COUV-ARTICLES-1620x1080-20-1-1-1024x683.jpg\" class=\"img-fluid\" alt=\"vitrines de No\u00ebl 2025 \u00e0 Paris th\u00e8mes et dates\" width=\"1024\" height=\"683\"\/><\/p>\n<p>    Save<\/p>\n<p class=\"p1\">Alors qu\u2019<a href=\"https:\/\/parissecret.com\/festival-halloween-disney-disneyland-paris\/\" rel=\"follow noopener\" target=\"_self\" class=\"shortcode-outbound-link\" data-has-ga=\"true\" data-ga-type=\"click\" data-label=\"https:\/\/parissecret.com\/festival-halloween-disney-disneyland-paris\/\" data-action=\"text_cta_0\" data-category=\"click_internal\"><strong>Halloween<\/strong><\/a> deviendra bient\u00f4t un lointain souvenir, \u00e0 Paris, les<strong> vitrines de No\u00ebl 2025<\/strong> s\u2019appr\u00eatent d\u00e9j\u00e0 \u00e0 enchanter petits et grands. D\u00e9couvrez les <strong>dates et th\u00e8mes des inaugurations des Grands magasins<\/strong>, de La Samaritaine au Printemps Haussmann, en passant par Le Bon March\u00e9 et les Galeries Lafayette. <\/p>\n<p> <strong>Quels sont les th\u00e8mes de la saison 2025-2026 pour les vitrines de No\u00ebl des Grands Magasins \u00e0 Paris ? <\/strong> <\/p>\n<p class=\"p1\">Chaque ann\u00e9e, d\u00e8s les premiers jours de<a href=\"https:\/\/parissecret.com\/top-activites-novembre-paris\/\" rel=\"follow noopener\" target=\"_self\" class=\"shortcode-outbound-link\" data-has-ga=\"true\" data-ga-type=\"click\" data-label=\"https:\/\/parissecret.com\/top-activites-novembre-paris\/\" data-action=\"text_cta_1\" data-category=\"click_internal\"><strong> novembre<\/strong><\/a>, Paris rev\u00eat son manteau de lumi\u00e8re. Les boulevards s\u2019illuminent, les places se parent de sapins scintillants, et <strong>les vitrines des grands magasins deviennent de v\u00e9ritables sc\u00e8nettes enchant\u00e9es<\/strong>. Un rituel f\u00e9\u00e9rique, attendu par les Parisiens et par les visiteurs du monde entier, et qui marque le <strong>coup d\u2019envoi de la saison de No\u00ebl<\/strong>. Alors, pr\u00eats pour des f\u00eates de fin d\u2019ann\u00e9e f\u00e9\u00e9riques ?<\/p>\n<p> <b>La Samaritaine : \u201cParis m\u2019emballe\u201d \u2013 \u00e0 partir du 5 novembre 2025<\/b><b\/> <img fetchpriority=\"high\" decoding=\"async\" class=\"size-large wp-image-210878\" src=\"https:\/\/www.europesays.com\/fr\/wp-content\/uploads\/2025\/10\/Samaritaine_Facade-Pont-Neuf-Nuit-1024x683.jpg\" alt=\"vitrines de No\u00ebl de La Samaritaine 2025 Paris\" width=\"1024\" height=\"683\"  \/>La Samaritaine Paris, vitrines de No\u00ebl 2024 <\/p>\n<p class=\"p1\">Cette ann\u00e9e, <strong>la Samaritaine se transforme en gigantesque cadeau \u00e0 d\u00e9baller.<\/strong> Avec une \u00e9dition 2025 sous le signe du cadeau, la fa\u00e7ade, les vitrines et le grand escalier se parent de rubans et de volutes lumineuses, transformant le grand magasin en \u00e9crin f\u00e9\u00e9rique. Le c\u00e9l\u00e8bre paon du grand magasin, lui, quitte m\u00eame sa fresque du 5e \u00e9tage pour veiller sur vos cadeaux. Entre le Studio d\u2019Emballage imagin\u00e9 avec Impression Originale, les ateliers cr\u00e9atifs avec Nona Source et les espaces festifs sign\u00e9s Moncler et Celine, chaque recoin respire la magie. Sans oublier le <strong>Calendrier de l\u2019Avent g\u00e9ant<\/strong> et les installations color\u00e9es d\u2019Elsa Tomkowiak, qui promet un No\u00ebl aussi po\u00e9tique qu\u2019\u00e9blouissant. Reveal des vitrines<strong> le 5 novembre prochain<\/strong>, pour notre plus grand plaisir ! <\/p>\n<p> <b>Le Printemps Haussmann : \u201cUn No\u00ebl \u00e0 New York\u201d \u2013 d\u00e8s le 6 novembre 2025<\/b><b\/> <img loading=\"lazy\" decoding=\"async\" class=\"wp-image-210879\" src=\"https:\/\/www.europesays.com\/fr\/wp-content\/uploads\/2025\/10\/ed732f8c480992beb615c9111d474151.jpg\" alt=\"quand les dates vitrines de No\u00ebl 2025 \u00e0 Paris\" width=\"994\" height=\"497\"  \/>vitrines de No\u00ebl du Printemps Haussmann, image d\u2019archive <\/p>\n<p class=\"p2\">\u00ab Un jour j\u2019irai \u00e0 New-York avec toi ! \u00bb Cette saison, cap sur la Grosse Pomme au Printemps Haussmann ! \u00c0 l\u2019or\u00e9e des f\u00eates de fin d\u2019ann\u00e9e, le grand magasin parisien entend bien transporter les visiteurs sur un <strong>boulevard Haussmann m\u00e9tamorphos\u00e9 en Manhattan hivernal<\/strong>. Guid\u00e9e par une joyeuse bande de chiens voyageurs, cette<strong> travers\u00e9e new-yorkaise<\/strong> promet d\u2019en mettre plein les yeux \u00e0 petits et grands, des vitrines jusqu\u2019aux grands espaces du magasin.<\/p>\n<p> <b>Le Bon March\u00e9 : \u201cLe Bon March\u00e9 de No\u00ebl\u201d \u2013 inauguration des vitrines le 7 novembre 2025 \u00e0 16h30<\/b><b\/> <\/p>\n<p><img loading=\"lazy\" decoding=\"async\" class=\"aligncenter size-full wp-image-210880\" src=\"https:\/\/www.europesays.com\/fr\/wp-content\/uploads\/2025\/10\/shutterstock_2545003375.jpg\" alt=\"vitrines de No\u00ebl 2025 2026 Paris Bon March\u00e9\" width=\"1000\" height=\"566\"  \/><\/p>\n<p class=\"p2\">Cette ann\u00e9e, le Bon March\u00e9 Rive Gauche se mue en un <strong>immense march\u00e9 de No\u00ebl couvert.<\/strong> Et c\u2019est le 7 novembre \u00e0 16h30 pr\u00e9cises que Le Bon March\u00e9 d\u00e9voilera ses vitrines de No\u00ebl anim\u00e9es, peupl\u00e9es d\u2019une centaine de <strong>lapins malicieux<\/strong>, tous plong\u00e9s dans des sc\u00e8nes dr\u00f4les et po\u00e9tiques. \u00c0 l\u2019int\u00e9rieur, l\u2019Escalator mythique du Bon March\u00e9 se transformera en hameau enneig\u00e9 aux allures de march\u00e9 de No\u00ebl, baign\u00e9 de lumi\u00e8re et de bois dor\u00e9. On ne sait pas vous, mais nous, chez Paris Secret, on a h\u00e2te de d\u00e9couvrir le Bon March\u00e9 par\u00e9 de ses plus beaux atours de No\u00ebl. <\/p>\n<p> <b>Galeries Lafayette : \u201cLe Plus Beau des Cadeaux\u201d \u2013 le 12 novembre 2025 \u00e0 18h<\/b> <img loading=\"lazy\" decoding=\"async\" class=\"size-full wp-image-210881\" src=\"https:\/\/www.europesays.com\/fr\/wp-content\/uploads\/2025\/10\/shutterstock_765113863.jpg\" alt=\"\" width=\"1000\" height=\"750\"  \/>No\u00ebl aux Galeries Lafayette, images d\u2019archive <\/p>\n<p class=\"p2\">Chaque ann\u00e9e, les Galeries Lafayette redoublent d\u2019inventivit\u00e9 pour enchanter les visiteurs, d\u00e9voilant un nouveau th\u00e8me f\u00e9\u00e9rique, des vitrines jusqu\u2019au th\u00e8me de son mythique sapin g\u00e9ant. Cette ann\u00e9e, les vitrines de No\u00ebl des Galeries Lafayette se transforment en v\u00e9ritables tableaux vivants, sign\u00e9s de <strong>l\u2019illustratrice Jeanne Detallante.<\/strong> Chaque sc\u00e8ne racontera un fragment de la <strong>grande histoire du P\u00e8re No\u00ebl :<\/strong> son bureau, une imprimante g\u00e9ante pour fabriquer le papier cadeau, ou encore un banquet somptueux aux motifs rouges \u00e9clatants. Dans ce d\u00e9cor haut en couleur, lutins affair\u00e9s, b\u00e9b\u00e9 \u00e9l\u00e9phant et canard bott\u00e9 rendront les sc\u00e8nettes d\u2019autant plus f\u00e9\u00e9riques. Et sous la Coupole mythique, le sapin g\u00e9ant sera le clou du spectacle : 16 m\u00e8tres de hauteur, 8 km de guirlandes LED, 560 kg de rubans et 300 kg de tissus ! Un <strong>sapin g\u00e9ant scintillant, orn\u00e9 des dessins de Jeanne Detallante,<\/strong> qui promet d\u2019enchanter les mirettes de petits et grands r\u00eaveurs. <\/p>\n<p> <b>Le BHV Marais : \u201cR\u00eaverie de No\u00ebl\u201d \u2013 d\u00e8s le 18 novembre 2025<\/b><b\/> <img loading=\"lazy\" decoding=\"async\" class=\"size-full wp-image-210882\" src=\"https:\/\/www.europesays.com\/fr\/wp-content\/uploads\/2025\/10\/shutterstock_351482465.jpg\" alt=\"quand les vitrines de No\u00ebl des Grands Magasins vont \u00eatre d\u00e9voil\u00e9es \u00e0 Paris ? Les dates\" width=\"1000\" height=\"764\"  \/>vitrines No\u00ebl du BHV Marais, image d\u2019archive <\/p>\n<p class=\"p1\">Le BHV Marais d\u00e9voile sa <strong>R\u00eaverie de No\u00ebl<\/strong> d\u00e8s le 18 novembre 2025. Au programme : une inauguration magique \u00e0 18h45, ponctu\u00e9e d\u2019un <strong>show son et lumi\u00e8re tr\u00e8s attendu, projet\u00e9 sur la fa\u00e7ade de la rue de Rivoli.<\/strong> Du 18 novembre au 31 d\u00e9cembre, le grand magasin du quartier du Marais s\u2019illuminera, et invitera petits et grands \u00e0 vivre un No\u00ebl plein d\u2019\u00e9motions. Le<strong> studio du P\u00e8re No\u00ebl,<\/strong> install\u00e9 du 26 novembre au 24 d\u00e9cembre, promet \u00e9galement aux enfants des moments inoubliables, \u00e0 l\u2019or\u00e9e des f\u00eates de fin d\u2019ann\u00e9e.<\/p>\n","protected":false},"excerpt":{"rendered":"Save Alors qu\u2019Halloween deviendra bient\u00f4t un lointain souvenir, \u00e0 Paris, les vitrines de No\u00ebl 2025 s\u2019appr\u00eatent d\u00e9j\u00e0 \u00e0&hellip;\n","protected":false},"author":2,"featured_media":498191,"comment_status":"","ping_status":"","sticky":false,"template":"","format":"standard","meta":{"footnotes":""},"categories":[1888],"tags":[11,1777,674,1011,27,12,15830,626,25],"class_list":{"0":"post-498190","1":"post","2":"type-post","3":"status-publish","4":"format-standard","5":"has-post-thumbnail","7":"category-paris","8":"tag-actualites","9":"tag-eu","10":"tag-europe","11":"tag-fr","12":"tag-france","13":"tag-news","14":"tag-noel","15":"tag-paris","16":"tag-republique-francaise"},"share_on_mastodon":{"url":"https:\/\/pubeurope.com\/@fr\/115458745549214215","error":""},"_links":{"self":[{"href":"https:\/\/www.europesays.com\/fr\/wp-json\/wp\/v2\/posts\/498190","targetHints":{"allow":["GET"]}}],"collection":[{"href":"https:\/\/www.europesays.com\/fr\/wp-json\/wp\/v2\/posts"}],"about":[{"href":"https:\/\/www.europesays.com\/fr\/wp-json\/wp\/v2\/types\/post"}],"author":[{"embeddable":true,"href":"https:\/\/www.europesays.com\/fr\/wp-json\/wp\/v2\/users\/2"}],"replies":[{"embeddable":true,"href":"https:\/\/www.europesays.com\/fr\/wp-json\/wp\/v2\/comments?post=498190"}],"version-history":[{"count":0,"href":"https:\/\/www.europesays.com\/fr\/wp-json\/wp\/v2\/posts\/498190\/revisions"}],"wp:featuredmedia":[{"embeddable":true,"href":"https:\/\/www.europesays.com\/fr\/wp-json\/wp\/v2\/media\/498191"}],"wp:attachment":[{"href":"https:\/\/www.europesays.com\/fr\/wp-json\/wp\/v2\/media?parent=498190"}],"wp:term":[{"taxonomy":"category","embeddable":true,"href":"https:\/\/www.europesays.com\/fr\/wp-json\/wp\/v2\/categories?post=498190"},{"taxonomy":"post_tag","embeddable":true,"href":"https:\/\/www.europesays.com\/fr\/wp-json\/wp\/v2\/tags?post=498190"}],"curies":[{"name":"wp","href":"https:\/\/api.w.org\/{rel}","templated":true}]}}